{"id":11350,"date":"2013-08-05T16:31:54","date_gmt":"2013-08-05T16:31:54","guid":{"rendered":"https:\/\/archivioturi.lavocedelpaese.info\/index.php\/2013\/08\/05\/lourdes-e-lemozione-di-tutti\/"},"modified":"2013-08-05T16:31:54","modified_gmt":"2013-08-05T16:31:54","slug":"lourdes-e-lemozione-di-tutti","status":"publish","type":"post","link":"https:\/\/archivioturi.lavocedelpaese.info\/index.php\/2013\/08\/05\/lourdes-e-lemozione-di-tutti\/","title":{"rendered":"Lourdes e l\u2019emozione di tutti"},"content":{"rendered":"<p><img loading=\"lazy\" decoding=\"async\" src=\"http:\/\/farm6.staticflickr.com\/5501\/9442155377_13f9377e98_n.jpg\" width=\"320\" height=\"239\" alt=\"L'Unitalsi di Turi con le sezioni di Putignano e Alberobello\" \/><\/p>\n<p style=\"text-align: justify;\">Un\u2019esperienza unica ed emozioni che si porteranno sempre nel cuore. Sono questi i pensieri di chi, come l\u2019Unitalsi di Turi, ha accompagnato tanti disabili al Pellegrinaggio della Sezione Pugliese alla Grotta di Lourdes dal 19 al 25 luglio.<\/p>\n<p style=\"text-align: justify;\">Bagagli alla mano e il cuore colmo di speranze ed attese hanno fatto seguito ai tanti volontari e associati che si sono immersi in questa testimonianza di preghiera e di fede per uscire colmi di serenit\u00e0 e di gioia. Sono, infatti, i sorrisi di tutti a raccontare la magnifica esperienza che per ognuno di loro \u00e8 stata il contatto con la forte spiritualit\u00e0 del luogo sacro. Sia che fosse la prima volta, sia una delle successive, le sensazioni che si raccolgono dopo aver percorso il lungo sentiero fino alla Madonna non mutano. Lacrime di gioia, nodi alla gola e una profonda devozione hanno segnato il cammino di ognuno di loro. Nonostante il caldo che appesantiva il respiro, l\u2019immersione \u00e8 stata totale, sentita, emozionante, fino all\u2019ultimo passo nella grotta mariana. Le immagini poi, creavano quel suggestivo che lasciava tutti senza fiato. \u201cUn\u2019emozione fortissima\u201d \u2013 ci racconta un disabile turese a Lourdes per la prima volta, ancora incredulo per essere emerso asciutto dopo l\u2019immersione nelle acque mariane. \u201cTanta la gioia nel cuore per aver dato quel poco a chi davvero ne ha bisogno&#8230;.e sono proprio loro i diversamente abili che ci insegnano cos&#8217;\u00e8 la vita.. Meravigliosa!!!!\u201d \u2013 ha commentato un volontario Unitalsi.<\/p>\n<p style=\"text-align: justify;\">L\u2019Unitalsi, Unione nazionale italiana trasporto ammalati a Lourdes e santuari internazionali, quest\u2019anno festeggia 110 anni, e l\u2019ha voluto condividere anche in occasione del pellegrinaggio della sezione turese che ha partecipato ai festeggiamenti dell\u2019associazione, insieme ai tanti volontari e ammalati presenti giunti da tutto il mondo.<\/p>\n<p style=\"text-align: justify;\">Perch\u00e9 infatti l\u2019Unitalsi non si occupa solo di pellegrinaggi, bens\u00ec quotidianamente offre agli ammalati l\u2019assistenza domiciliare, attivit\u00e0 di tempo libero, attivit\u00e0 di formazione, laboratori di creativit\u00e0, laboratori teatrali e di attivit\u00e0 manuali. La forza dei volontari dell\u2019Unitalsi, che sono migliaia, \u00e8 nella condivisione, uno stile di vita che anima tutti i progetti finalizzati ad alleviare i disagi degli anziani e dei disabili. Anche durante il pellegrinaggio mariano, come ci hanno spiegato i volontari turesi, ognuno era investito di un ruolo: tra l\u2019infermeria, all\u2019addetta ristorazione, alle pulizie, all\u2019assistenza, ogni simbolo nell\u2019Unitalsi parla di solidariet\u00e0 e di condivisione. Chi partecipa ad almeno uno dei questi ruoli, ne resta folgorato e non ne pu\u00f2 pi\u00f9 fare a meno.<\/p>\n","protected":false},"excerpt":{"rendered":"<p><img loading=\"lazy\" decoding=\"async\" src=\"http:\/\/farm6.staticflickr.com\/5501\/9442155377_13f9377e98_n.jpg\" width=\"320\" height=\"239\" alt=\"L'Unitalsi di Turi con le sezioni di Putignano e Alberobello\" \/><\/p>\n","protected":false},"author":1,"featured_media":0,"comment_status":"open","ping_status":"closed","sticky":false,"template":"","format":"standard","meta":{"colormag_page_container_layout":"default_layout","colormag_page_sidebar_layout":"default_layout","footnotes":""},"categories":[7],"tags":[],"class_list":["post-11350","post","type-post","status-publish","format-standard","hentry","category-attualita"],"_links":{"self":[{"href":"https:\/\/archivioturi.lavocedelpaese.info\/index.php\/wp-json\/wp\/v2\/posts\/11350","targetHints":{"allow":["GET"]}}],"collection":[{"href":"https:\/\/archivioturi.lavocedelpaese.info\/index.php\/wp-json\/wp\/v2\/posts"}],"about":[{"href":"https:\/\/archivioturi.lavocedelpaese.info\/index.php\/wp-json\/wp\/v2\/types\/post"}],"author":[{"embeddable":true,"href":"https:\/\/archivioturi.lavocedelpaese.info\/index.php\/wp-json\/wp\/v2\/users\/1"}],"replies":[{"embeddable":true,"href":"https:\/\/archivioturi.lavocedelpaese.info\/index.php\/wp-json\/wp\/v2\/comments?post=11350"}],"version-history":[{"count":0,"href":"https:\/\/archivioturi.lavocedelpaese.info\/index.php\/wp-json\/wp\/v2\/posts\/11350\/revisions"}],"wp:attachment":[{"href":"https:\/\/archivioturi.lavocedelpaese.info\/index.php\/wp-json\/wp\/v2\/media?parent=11350"}],"wp:term":[{"taxonomy":"category","embeddable":true,"href":"https:\/\/archivioturi.lavocedelpaese.info\/index.php\/wp-json\/wp\/v2\/categories?post=11350"},{"taxonomy":"post_tag","embeddable":true,"href":"https:\/\/archivioturi.lavocedelpaese.info\/index.php\/wp-json\/wp\/v2\/tags?post=11350"}],"curies":[{"name":"wp","href":"https:\/\/api.w.org\/{rel}","templated":true}]}}