{"id":11336,"date":"2013-07-27T14:51:05","date_gmt":"2013-07-27T14:51:05","guid":{"rendered":"https:\/\/archivioturi.lavocedelpaese.info\/index.php\/2013\/07\/27\/turi-in-cinema\/"},"modified":"2013-07-27T14:51:05","modified_gmt":"2013-07-27T14:51:05","slug":"turi-in-cinema","status":"publish","type":"post","link":"https:\/\/archivioturi.lavocedelpaese.info\/index.php\/2013\/07\/27\/turi-in-cinema\/","title":{"rendered":"Turi \u2026 in cinema"},"content":{"rendered":"<p style=\"text-align: justify;\"><img loading=\"lazy\" decoding=\"async\" class=\" size-full wp-image-9513\" src=\"https:\/\/archivioturi.lavocedelpaese.info\/wp-content\/uploads\/2012\/07\/cinema-apertpo-1024x771.jpg\" width=\"320\" height=\"149\" alt=\"cinema-apertpo-1024x771\" style=\"margin: 0px 3px;\" srcset=\"https:\/\/archivioturi.lavocedelpaese.info\/wp-content\/uploads\/2012\/07\/cinema-apertpo-1024x771.jpg 638w, https:\/\/archivioturi.lavocedelpaese.info\/wp-content\/uploads\/2012\/07\/cinema-apertpo-1024x771-300x140.jpg 300w\" sizes=\"auto, (max-width: 320px) 100vw, 320px\" \/><\/p>\n<p style=\"text-align: justify;\">La Giunta Comunale, su proposta dei Consiglieri Delegati alla Cultura e al Marketing Territoriale, ha approvato la programmazione cinematografica all\u2019aperto \u201cTuri in \u2026.cinema\u201d, proposta dal sig. Angelo Acquaviva di Fasano, gestore di cinema e teatri, per 14 film. Questa, come accade da qualche anno, si svolger\u00e0 nel cortile interno della locale Scuola Media Statale \u201cR. Resta\u201d, con organizzazione e gestione a cura del sig. Angelo Acquaviva, per la macchina di proiezione, l\u2019impianto di amplificazione, lo schermo, le pellicole cinematografiche, il personale (cassiera, operatore, straccia biglietti), il costo SIAE e la pubblicit\u00e0 generale e serale.<\/p>\n<p style=\"text-align: justify;\">Il comune ha stanziato la somma di&nbsp; 4.000,00 \u20ac sull\u2019elaborando bilancio di previsione 2013, di cui \u20ac 2.000,00 sul Cap. 5203\/7 \u201cPrestazioni di servizio per attivit\u00e0 culturali, spettacolo, ecc.\u201d (pren. d\u2019imp. n. 49\/013 ) e \u20ac 2.000,00 sul Cap. 11403\/3 \u201cInterventi per la promozione del territorio\u201d (pren. d\u2019imp. n. 50\/013 ). La custodia delle sedie, della logistica e della pulizia degli spazi saranno a cura della Ditta Catucci s.r.l.<\/p>\n<p style=\"text-align: justify;\">La proiezione dei film avverr\u00e0 dal 30 luglio e fino al 3 settembre e si svilupper\u00e0 nei giorni di marted\u00ec, mercoled\u00ec, gioved\u00ec e venerd\u00ec. Il prezzo del biglietto sar\u00e0 di \u20ac 2,00.<\/p>\n<p style=\"text-align: justify;\">Si comincia marted\u00ec 30 luglio con \u201cAmiche da morire\u201d, gioved\u00ec 1 agosto \u201cIl rosso e il blu\u201d, marted\u00ec 6 \u201cQuello che so sull&#8217;amore\u201d, il 7 agosto \u201cI croods\u201d, il 13 e 14 agosto \u201cIl principe abusivo\u201d, il 15 e 16 agosto \u201cLa grande bellezza\u201d, il 20 e il 21 agosto \u201cBenvenuto presidente\u201d, gioved\u00ec 22 \u201cLa migliore offerta\u201d, il 29 agosto \u201cColpi di fulmine\u201d, venerd\u00ec 30 \u201cLa vita di Pi\u201d e marted\u00ec 3 settembre \u201cIl peggior Natale della mia vita\u201d.<\/p>\n","protected":false},"excerpt":{"rendered":"<p style=\"text-align: justify;\"><img loading=\"lazy\" decoding=\"async\" class=\" size-full wp-image-9513\" src=\"https:\/\/archivioturi.lavocedelpaese.info\/wp-content\/uploads\/2012\/07\/cinema-apertpo-1024x771.jpg\" width=\"320\" height=\"149\" alt=\"cinema-apertpo-1024x771\" style=\"margin: 0px 3px;\" srcset=\"https:\/\/archivioturi.lavocedelpaese.info\/wp-content\/uploads\/2012\/07\/cinema-apertpo-1024x771.jpg 638w, https:\/\/archivioturi.lavocedelpaese.info\/wp-content\/uploads\/2012\/07\/cinema-apertpo-1024x771-300x140.jpg 300w\" sizes=\"auto, (max-width: 320px) 100vw, 320px\" \/><\/p>\n","protected":false},"author":1,"featured_media":9513,"comment_status":"open","ping_status":"closed","sticky":false,"template":"","format":"standard","meta":{"colormag_page_container_layout":"default_layout","colormag_page_sidebar_layout":"default_layout","footnotes":""},"categories":[7],"tags":[],"class_list":["post-11336","post","type-post","status-publish","format-standard","has-post-thumbnail","hentry","category-attualita"],"_links":{"self":[{"href":"https:\/\/archivioturi.lavocedelpaese.info\/index.php\/wp-json\/wp\/v2\/posts\/11336","targetHints":{"allow":["GET"]}}],"collection":[{"href":"https:\/\/archivioturi.lavocedelpaese.info\/index.php\/wp-json\/wp\/v2\/posts"}],"about":[{"href":"https:\/\/archivioturi.lavocedelpaese.info\/index.php\/wp-json\/wp\/v2\/types\/post"}],"author":[{"embeddable":true,"href":"https:\/\/archivioturi.lavocedelpaese.info\/index.php\/wp-json\/wp\/v2\/users\/1"}],"replies":[{"embeddable":true,"href":"https:\/\/archivioturi.lavocedelpaese.info\/index.php\/wp-json\/wp\/v2\/comments?post=11336"}],"version-history":[{"count":0,"href":"https:\/\/archivioturi.lavocedelpaese.info\/index.php\/wp-json\/wp\/v2\/posts\/11336\/revisions"}],"wp:featuredmedia":[{"embeddable":true,"href":"https:\/\/archivioturi.lavocedelpaese.info\/index.php\/wp-json\/wp\/v2\/media\/9513"}],"wp:attachment":[{"href":"https:\/\/archivioturi.lavocedelpaese.info\/index.php\/wp-json\/wp\/v2\/media?parent=11336"}],"wp:term":[{"taxonomy":"category","embeddable":true,"href":"https:\/\/archivioturi.lavocedelpaese.info\/index.php\/wp-json\/wp\/v2\/categories?post=11336"},{"taxonomy":"post_tag","embeddable":true,"href":"https:\/\/archivioturi.lavocedelpaese.info\/index.php\/wp-json\/wp\/v2\/tags?post=11336"}],"curies":[{"name":"wp","href":"https:\/\/api.w.org\/{rel}","templated":true}]}}