{"id":11321,"date":"2013-07-29T13:26:42","date_gmt":"2013-07-29T13:26:42","guid":{"rendered":"https:\/\/archivioturi.lavocedelpaese.info\/index.php\/2013\/07\/29\/lezioni-di-recitazione-in-libreria\/"},"modified":"2013-07-29T13:26:42","modified_gmt":"2013-07-29T13:26:42","slug":"lezioni-di-recitazione-in-libreria","status":"publish","type":"post","link":"https:\/\/archivioturi.lavocedelpaese.info\/index.php\/2013\/07\/29\/lezioni-di-recitazione-in-libreria\/","title":{"rendered":"Lezioni di recitazione in libreria"},"content":{"rendered":"<p><img loading=\"lazy\" decoding=\"async\" src=\"http:\/\/farm3.staticflickr.com\/2835\/9377927244_7af7efb789_n.jpg\" width=\"320\" height=\"240\" alt=\"stage (2)\" \/><\/p>\n<p style=\"text-align: justify;\">Sono iniziate luned\u00ec mattina le lezioni di Piera Violante e Giulio Maria Furente presso la libreria Eleutera di Turi. Lo stage di formazione in recitazione guidato dalla regista e attrice Piera Violante con la partecipazione dell\u2019attore Giulio Maria Furente interprete nelle serie di \u201cUn posto al sole\u201d, \u201cRIS\u201d o \u201cLa Squadra\u201d, stanno coinvolgendo ragazzi di ogni fascia d\u2019et\u00e0.<\/p>\n<p style=\"text-align: justify;\">Lo stage, organizzato dall\u2019Associazione Culturale e Artistica \u201cBriciole Di Stelle\u201d, Scuola di Formazione in Arti dello Spettacolo di Napoli, partner ufficiale dell\u2019Agenzia Cinematografica \u201cStudio Emme\u201d di Roma (www.sergiomartinelli.com), prevede un percorso di 20 ore, dal 22 al 25 Luglio ed \u00e8 rivolto ad allievi con pi\u00f9 di 8 anni. Coinvolgendo le attivit\u00e0 commerciali della nostra cittadina, la Libreria Eleutera e l\u2019Associazione artistica che sta operando in questi giorni, stanno portando i ragazzi partecipando alla conoscenza di tutti i trucchi e comportamenti utili per la crescita personale e professionale. Lo stage si prefigge infatti lo scopo di fornire ai partecipanti gli elementi base della recitazione, sia sul palco, sia di fronte alle telecamere. Ma il percorso favorisce anche lo sviluppo delle capacit\u00e0 espressive, la consapevolezza di s\u00e9 in relazione allo spazio e agli altri, l\u2019autostima, la relazionalit\u00e0 e una migliore comprensione e gestione del testo scritto.<\/p>\n<p style=\"text-align: justify;\">Gli allievi che durante il corso avranno dimostrato attitudini, seriet\u00e0 e impegno, avranno la possibilit\u00e0 di iscriversi all\u2019Agenzia \u201cStudio Emm\u201de di Roma e quindi di essere proposti a provini cine-televisivi delle migliori produzioni. Ci auguriamo quindi che tra questi ci sia un volto noto della televisione del prossimo futuro.<\/p>\n","protected":false},"excerpt":{"rendered":"<p><img loading=\"lazy\" decoding=\"async\" src=\"http:\/\/farm3.staticflickr.com\/2835\/9377927244_7af7efb789_n.jpg\" width=\"320\" height=\"240\" alt=\"stage (2)\" \/><\/p>\n","protected":false},"author":1,"featured_media":0,"comment_status":"open","ping_status":"closed","sticky":false,"template":"","format":"standard","meta":{"colormag_page_container_layout":"default_layout","colormag_page_sidebar_layout":"default_layout","footnotes":""},"categories":[7],"tags":[],"class_list":["post-11321","post","type-post","status-publish","format-standard","hentry","category-attualita"],"_links":{"self":[{"href":"https:\/\/archivioturi.lavocedelpaese.info\/index.php\/wp-json\/wp\/v2\/posts\/11321","targetHints":{"allow":["GET"]}}],"collection":[{"href":"https:\/\/archivioturi.lavocedelpaese.info\/index.php\/wp-json\/wp\/v2\/posts"}],"about":[{"href":"https:\/\/archivioturi.lavocedelpaese.info\/index.php\/wp-json\/wp\/v2\/types\/post"}],"author":[{"embeddable":true,"href":"https:\/\/archivioturi.lavocedelpaese.info\/index.php\/wp-json\/wp\/v2\/users\/1"}],"replies":[{"embeddable":true,"href":"https:\/\/archivioturi.lavocedelpaese.info\/index.php\/wp-json\/wp\/v2\/comments?post=11321"}],"version-history":[{"count":0,"href":"https:\/\/archivioturi.lavocedelpaese.info\/index.php\/wp-json\/wp\/v2\/posts\/11321\/revisions"}],"wp:attachment":[{"href":"https:\/\/archivioturi.lavocedelpaese.info\/index.php\/wp-json\/wp\/v2\/media?parent=11321"}],"wp:term":[{"taxonomy":"category","embeddable":true,"href":"https:\/\/archivioturi.lavocedelpaese.info\/index.php\/wp-json\/wp\/v2\/categories?post=11321"},{"taxonomy":"post_tag","embeddable":true,"href":"https:\/\/archivioturi.lavocedelpaese.info\/index.php\/wp-json\/wp\/v2\/tags?post=11321"}],"curies":[{"name":"wp","href":"https:\/\/api.w.org\/{rel}","templated":true}]}}