{"id":11306,"date":"2013-07-22T12:25:39","date_gmt":"2013-07-22T12:25:39","guid":{"rendered":"https:\/\/archivioturi.lavocedelpaese.info\/index.php\/2013\/07\/22\/ss-172-rimandata-al-2016\/"},"modified":"2013-07-22T12:25:39","modified_gmt":"2013-07-22T12:25:39","slug":"ss-172-rimandata-al-2016","status":"publish","type":"post","link":"https:\/\/archivioturi.lavocedelpaese.info\/index.php\/2013\/07\/22\/ss-172-rimandata-al-2016\/","title":{"rendered":"SS 172: rimandata al 2016"},"content":{"rendered":"<p style=\"text-align: justify;\"><img loading=\"lazy\" decoding=\"async\" class=\" size-full wp-image-11305\" src=\"https:\/\/archivioturi.lavocedelpaese.info\/wp-content\/uploads\/2013\/07\/SS172.jpg\" width=\"343\" height=\"147\" alt=\"SS172\" style=\"margin: 0px 3px;\" srcset=\"https:\/\/archivioturi.lavocedelpaese.info\/wp-content\/uploads\/2013\/07\/SS172.jpg 343w, https:\/\/archivioturi.lavocedelpaese.info\/wp-content\/uploads\/2013\/07\/SS172-300x129.jpg 300w\" sizes=\"auto, (max-width: 343px) 100vw, 343px\" \/><\/p>\n<p style=\"text-align: justify;\">Con una nota il Cipe (Comitato Interministeriale di Programmazione Economica) ha stabilito che il finanziamento previsto per il 2014 per l\u2019adeguamento della S.S. 172 nel tratto Casamassima \u2013 Putignano, circa dieci milioni di euro, dovranno essere impiegati, sempre dal prossimo anno, per la T.a.v. Noi invece dovremo attendere il 2016, ammesso che non ci sia qualche altro dirottamento improvviso.<\/p>\n<p style=\"text-align: justify;\">Bisogna chiedersi: noi siamo meno importanti degli altri? Come mai un\u2019opera faraonica non urgente \u00e8 tra le prerogative dei nostri governi, mentre una strada, percorsa giornalmente da migliaia di automezzi, spesso teatro d\u2019incidenti anche mortali, passa sempre in secondo piano?<\/p>\n<p style=\"text-align: justify;\">L\u2019ultimo governo Prodi aveva stanziato finanziamenti sufficienti per i lavori. Berlusconi li ha dirottati sullo stretto di Messina per un ponte che non \u00e8 mai stato neanche progettato definitivamente. Il governo Monti ci ha riprovato. Nel 2014 la somma stanziata doveva essere destinata. Invece bisogna nuovamente ripartire da zero.<\/p>\n<p style=\"text-align: justify;\">Circa un anno fa avevano dato grande rilievo ad un risultato che era la brillante collaborazione tra PD, nella persona del consigliere Pentassuglia e del PDL rappresentato dal consigliere Boccardi. Non pi\u00f9 tardi di un mese fa, una nota congiunta dei nostri politici locali e regionali avevano assicurato che avrebbero fatto di tutto per non permettere questo ennesimo scippo.<\/p>\n<p style=\"text-align: justify;\">Ora avranno il coraggio di rispondere e giustificare quanto inutilmente proclamato?<\/p>\n<p style=\"text-align: justify;\">Il dott. Vito Nicola De Grisante, promotore della petizione, che ha visto la sottoscrizione di quasi venti mila firme, unite anche alle delibere di sei comuni e tre province, non riesce a mandar gi\u00f9 questo ennesimo boccone amaro, ancor pi\u00f9 velenoso se solo si pensa che mancava davvero poco all\u2019atto finale.<\/p>\n<p style=\"text-align: justify;\"><strong>Parlare di S.S. 172 significa annoverare una serie di pasticci fatti che hanno impedito la realizzazione di un\u2019opera importantissima in un tratto di strada noto per la sua pericolosit\u00e0. Il Cipe ha ritenuto pi\u00f9 urgente finanziare la T.a.v. Lei \u00e8 daccordo con questa decisione?<\/strong><\/p>\n<p style=\"text-align: justify;\">\u201cAssolutamente no. Sono deluso, amareggiato, affranto per questa scelta. Purtroppo paghiamo le conseguenze di una politica che non \u00e8 politica, bens\u00ec \u00e8 semplicemente il frutto di accordi personali che non ha nulla a che vedere con gli interessi degli italiani. La T.a.v., non la definisco inutile, sicuramente non sono nessuno per dirlo, ma non posso ritenere prioritaria la sua realizzazione rispetto all\u2019adeguamento di una strada che purtroppo diventa sempre pi\u00f9 pericolosa per via del traffico in continuo aumento\u201d.<\/p>\n<p style=\"text-align: justify;\"><strong>Perch\u00e8 una scelta tanto discutibile da parte del Cipe?<\/strong><\/p>\n<p style=\"text-align: justify;\">\u201cIo ho fatto il possibile affinch\u00e8 si desse lustro a questo grave problema. Il comitato di cui faccio parte ha raccolto migliaia di firme. Abbiamo avuto il supporto di tantissima gente, di intere amministrazioni e province. Abbiamo portato il problema fino avanti al portone del governo. L\u00ec dentro per\u00f2, noi non potevamo fare pi\u00f9 nulla. Il resto avrebbero dovuto farlo i nostri politici, i nostri rappresentanti. Questa per\u00f2 \u00e8 l\u2019ennesima dimostrazione di quanto non contano nulla e, ancor pi\u00f9 grave, quanto basso sia il loro attaccamento alla propria terra. La scelta di dirottare il nostro finanziamento alla T.a.v. \u00e8 stata puramente politica. A livello nazionale, ma anche regionale, non abbiamo alcun rappresentante autorevole che sia pronto a tutto, pur di difendere i nostri territori. Questo \u00e8 l\u2019ennesimo brutto esempio di politicanti non all\u2019altezza del proprio ruolo.\u201d.<\/p>\n<p style=\"text-align: justify;\"><strong>A questo punto le quasi ventimila firme raccolte, non hanno nessuna importanza?<\/strong><\/p>\n<p style=\"text-align: justify;\">\u201cNe avrebbero avuta se solo avessero avuto il supporto di gente giusta. Ora, penso che ci toccher\u00e0 sperare in un futuro migliore magari privo d\u2019inutili proclami bens\u00ec colmo di azioni concrete\u201d.<\/p>\n","protected":false},"excerpt":{"rendered":"<p style=\"text-align: justify;\"><img loading=\"lazy\" decoding=\"async\" class=\" size-full wp-image-11305\" src=\"https:\/\/archivioturi.lavocedelpaese.info\/wp-content\/uploads\/2013\/07\/SS172.jpg\" width=\"343\" height=\"147\" alt=\"SS172\" style=\"margin: 0px 3px;\" srcset=\"https:\/\/archivioturi.lavocedelpaese.info\/wp-content\/uploads\/2013\/07\/SS172.jpg 343w, https:\/\/archivioturi.lavocedelpaese.info\/wp-content\/uploads\/2013\/07\/SS172-300x129.jpg 300w\" sizes=\"auto, (max-width: 343px) 100vw, 343px\" \/><\/p>\n","protected":false},"author":1,"featured_media":11305,"comment_status":"open","ping_status":"closed","sticky":false,"template":"","format":"standard","meta":{"colormag_page_container_layout":"default_layout","colormag_page_sidebar_layout":"default_layout","footnotes":""},"categories":[4],"tags":[],"class_list":["post-11306","post","type-post","status-publish","format-standard","has-post-thumbnail","hentry","category-politica"],"_links":{"self":[{"href":"https:\/\/archivioturi.lavocedelpaese.info\/index.php\/wp-json\/wp\/v2\/posts\/11306","targetHints":{"allow":["GET"]}}],"collection":[{"href":"https:\/\/archivioturi.lavocedelpaese.info\/index.php\/wp-json\/wp\/v2\/posts"}],"about":[{"href":"https:\/\/archivioturi.lavocedelpaese.info\/index.php\/wp-json\/wp\/v2\/types\/post"}],"author":[{"embeddable":true,"href":"https:\/\/archivioturi.lavocedelpaese.info\/index.php\/wp-json\/wp\/v2\/users\/1"}],"replies":[{"embeddable":true,"href":"https:\/\/archivioturi.lavocedelpaese.info\/index.php\/wp-json\/wp\/v2\/comments?post=11306"}],"version-history":[{"count":0,"href":"https:\/\/archivioturi.lavocedelpaese.info\/index.php\/wp-json\/wp\/v2\/posts\/11306\/revisions"}],"wp:featuredmedia":[{"embeddable":true,"href":"https:\/\/archivioturi.lavocedelpaese.info\/index.php\/wp-json\/wp\/v2\/media\/11305"}],"wp:attachment":[{"href":"https:\/\/archivioturi.lavocedelpaese.info\/index.php\/wp-json\/wp\/v2\/media?parent=11306"}],"wp:term":[{"taxonomy":"category","embeddable":true,"href":"https:\/\/archivioturi.lavocedelpaese.info\/index.php\/wp-json\/wp\/v2\/categories?post=11306"},{"taxonomy":"post_tag","embeddable":true,"href":"https:\/\/archivioturi.lavocedelpaese.info\/index.php\/wp-json\/wp\/v2\/tags?post=11306"}],"curies":[{"name":"wp","href":"https:\/\/api.w.org\/{rel}","templated":true}]}}