{"id":11294,"date":"2013-07-18T07:42:48","date_gmt":"2013-07-18T07:42:48","guid":{"rendered":"https:\/\/archivioturi.lavocedelpaese.info\/index.php\/2013\/07\/18\/per-noi-la-mal-gestione-e-evidente\/"},"modified":"2013-07-18T07:42:48","modified_gmt":"2013-07-18T07:42:48","slug":"per-noi-la-mal-gestione-e-evidente","status":"publish","type":"post","link":"https:\/\/archivioturi.lavocedelpaese.info\/index.php\/2013\/07\/18\/per-noi-la-mal-gestione-e-evidente\/","title":{"rendered":"Per noi la mal gestione\u2026 \u00e8 evidente!"},"content":{"rendered":"<p><img loading=\"lazy\" decoding=\"async\" src=\"http:\/\/farm9.staticflickr.com\/8101\/8659324116_24a264827e_n.jpg\" alt=\"Gianbattista Rubino\" width=\"320\" height=\"213\" \/><\/p>\n<p style=\"text-align: justify;\">Gentile Segretario, abbiamo letto con molta attenzione la sua replica e vorremmo condividere con lei alcune considerazioni.<\/p>\n<p style=\"text-align: justify;\"><strong>Le premesse e il giornalismo.<\/strong> Lei si dissocia da una premessa che evidentemente e in modo chiaro non le appartiene. Una premessa per\u00f2 che spiega al lettore quanto accade. Perch\u00e9 \u00e8 evidente, per noi, che l\u2019affermare come la grave situazione attuale sia subita e non causata dall\u2019attuale amministrazione e asserire come lei stesso non comprende come sia stato possibile che la vecchia amministrazione (quella Gigantelli per l\u2019appunto) avesse lasciato andare via il responsabile di ragioneria, abbia il significato di una accusa nei confronti di Gigantelli. Questa interpretazione \u00e8 la nostra e la deduciamo noi, da giornalisti. Cos\u00ec come deduciamo dalla sua replica la voglia di difendere il sindaco Resta che l\u2019ha scelta e nello stesso tempo non infastidire troppo chi lo precedeva. Per noi la sua replica \u00e8 un ennesimo autogol. Dimentica per\u00f2 di sottolineare (chiss\u00e0 perch\u00e9?) come nella prima denuncia, secondo noi, aveva accusato anche l\u2019attuale amministrazione, denunciata di porre in essere azioni a tempo limitato, elemosinando ad altri sindaci qualche ora a qualche responsabile di ragioneria. Comprendiamo la sua posizione e la necessit\u00e0 di fare due, tre, quattro passi indietro ma ci permetta di non condividere.<\/p>\n<p style=\"text-align: justify;\"><strong>La mal gestione.<\/strong> Lei si dissocia dalla nostra premessa e nella replica ci dice: \u201cNon ho infatti per nulla espresso &#8220;denuncia (della) mal gestione di Turi\u201d. Infatti caro segretario era la nostra espressione e il nostro titolo. Lei ci chiede dopo essersi arrampicato sugli specchi: \u201cPerch\u00e9 allora dire che io ho denunciato la mal gestione di Turi? Perch\u00e9?\u201d. A domanda bisogna rispondere e la risposta \u00e8 in re ipsa in quello che lei stesso denuncia. L\u2019aver affidato ad un segretario generale che si autodenuncia incompetente \u00e8 per noi gi\u00e0 una cattiva gestione dell\u2019ente. Questa \u00e8 una semplice riflessione logica che non necessit\u00e0 di doti particolari. Poi ci domanda ancora: \u201cPerch\u00e9 ancora dire che io ho preannunciato, seppur con un interrogativo, la fine di questo Consiglio!?\u201d. Anche qui la risposta \u00e8 alquanto banale. L\u2019ha scritto lei con lo stesso nostro interrogativo, infatti lei stesso scrive: \u201cMa il problema pi\u00f9 grande \u00e8 che non potr\u00f2 agevolmente porre in essere lo schema di bilancio di previsione per l&#8217;esercizio in corso (potr\u00f2 quindi essere causa dello scioglimento del Consiglio?).\u201d<\/p>\n<p style=\"text-align: justify;\"><strong>Le accuse \u201cnon percepite\u201d di Mercieri.<\/strong> Anche qui la funzione del giornalista \u00e8 raccontare e interpretare quello che accade, non certo \u00e8 il soffermarsi e adagiarsi sulla comoda burocrazia. Se lei non ha percepito le accuse di Mercieri le abbiamo percepite e raccontate noi. E se Mercieri non voleva accusarla allora diremo che quel consigliere ha sbagliato a non farlo. Perch\u00e9 lei andava accusato! Lei scrive: \u201cMercieri\u2026 mi ha posto delle domande inerenti dettagli finanziari sul rendiconto del 2012 approvato e io non ho risposto, o meglio ho detto: &#8220;non so niente&#8221;!\u201d Un segretario che risponde cos\u00ec \u00e8 per noi simbolo di un malessere gestionale, di una mal gestione! Ricordiamo inoltre ai lettori che lei ha avuto mesi per rispondere e\/o informarsi sui dettagli del rendiconto. Lei afferma che Mercieri le ha fornito l\u2019assist per \u201cgridare\u201d che il sistema non funziona. Lei doveva cogliere quell\u2019assist, riteniamo, per fare altro, per dimettersi. Lei, caro segretario, secondo noi, non doveva mai accettare un incarico di cui lei stesso si dichiara incompetente. Se mi chiedessero di fare il segretario generale, il medico o l\u2019idraulico, io, sapendo di non sapere, non accetterei. Lei, invece, per il bene del Comune ha accettato e\u2026 speriamo gratuitamente.<\/p>\n<p style=\"text-align: justify;\"><strong>L\u2019umilt\u00e0 e i bravi giornalisti.<\/strong> Concludiamo questa replica per sottolineare come apprezziamo la sua umilt\u00e0 ma poteva osare di pi\u00f9 e risparmiarsi una replica che riteniamo tappabuchi. Inoltre il suo invito, quasi minaccioso, di fare \u201ci bravi\u201d giornalisti, ci fa comprendere che non conosce ancora bene il nostro paese e il nostro \u201cautorevole periodico\u201d. Non siamo \u201cbravi ragazzi\u201d. Non siamo accomodanti. Non siamo addomesticabili. Non siamo acquistabili. Per queste cose scriva ad altri giornali e in questo paese ne pu\u00f2 trovare dalla \u201csua\u201d parte! Noi invece le vogliamo ricordare che in questo paese c\u2019\u00e8 tanto da fare\u2026 le ricordiamo che esiste una legge che prevede che tutti i redditi dei consiglieri e degli assessori siano resi pubblici su internet. Ha inviato una lettera ai nostri amministratori per ricordarglielo? Siamo tanto curiosi di comprendere a che punto sono i controlli sugli oneri di urbanizzazione non pagati. Lei ne sa nulla? Alcune voci ci suggeriscono di verificare anche il pagamento dell\u2019Ici nelle zone Pip del paese. E\u2019 tutto regolare, segretario? Noi le ricordiamo che c\u2019\u00e8 molto da migliorare in tema di trasparenza sugli atti amministrativi (invisibili) sul sito del Comune. C\u2019\u00e8 tanto, tanto, da fare in questo paese. Umilmente\u2026 buon lavoro!<\/p>\n<p style=\"text-align: right;\"><strong>Fabrizio Lerede<\/strong><\/p>\n<h4 style=\"text-align: left;\"><span style=\"font-size: 8pt;\"><strong>LA PRIMA LETTERA DI RUBINO:&nbsp;<\/strong><a class=\"contentpagetitle\" style=\"font-size: 12px; line-height: 21px;\" href=\"politica\/34007-il-segretario-comunale-rubino-denuncia-la-mal-gestione-di-turi.html\">Il segretario comunale Rubino denuncia la mal gestione di Turi<\/a><\/span><\/h4>\n<h4 style=\"text-align: left;\"><span style=\"font-size: 8pt;\"><strong>LA REPLICA DI RUBINO:<\/strong>&nbsp;<a class=\"contentpagetitle\" style=\"font-size: 12px; line-height: 21px;\" href=\"politica\/34068-rubino-si-dissocia-e-chi-se-ne-frega.html\">Rubino si dissocia\u2026 e chi se ne frega!<\/a><\/span><\/h4>\n<h4 style=\"text-align: left;\"><span style=\"font-size: 8pt;\"><strong>L&#8217;OPINIONE DI TATEO:<\/strong>&nbsp;<a class=\"contentpagetitle\" style=\"font-size: 12px; line-height: 21px;\" href=\"politica\/34034-stiamo-facendo-tutto-il-possibile.html\">Stiamo facendo tutto il possibile<\/a><\/span><\/h4>\n<h4 style=\"text-align: left;\"><span style=\"font-size: 8pt;\"><strong>L&#8217;OPINIONE DI MERCIERI:<\/strong>&nbsp;<a class=\"contentpagetitle\" style=\"font-size: 12px; line-height: 21px;\" href=\"politica\/34032-rubino-un-grido-dallarme.html\">Rubino? Un grido d\u2019allarme<\/a><\/span><\/h4>\n<p style=\"text-align: left;\"><strong><br \/><\/strong><\/p>\n","protected":false},"excerpt":{"rendered":"<p><img loading=\"lazy\" decoding=\"async\" src=\"http:\/\/farm9.staticflickr.com\/8101\/8659324116_24a264827e_n.jpg\" alt=\"Gianbattista Rubino\" width=\"320\" height=\"213\" \/><\/p>\n","protected":false},"author":1,"featured_media":0,"comment_status":"open","ping_status":"closed","sticky":false,"template":"","format":"standard","meta":{"colormag_page_container_layout":"default_layout","colormag_page_sidebar_layout":"default_layout","footnotes":""},"categories":[4],"tags":[],"class_list":["post-11294","post","type-post","status-publish","format-standard","hentry","category-politica"],"_links":{"self":[{"href":"https:\/\/archivioturi.lavocedelpaese.info\/index.php\/wp-json\/wp\/v2\/posts\/11294","targetHints":{"allow":["GET"]}}],"collection":[{"href":"https:\/\/archivioturi.lavocedelpaese.info\/index.php\/wp-json\/wp\/v2\/posts"}],"about":[{"href":"https:\/\/archivioturi.lavocedelpaese.info\/index.php\/wp-json\/wp\/v2\/types\/post"}],"author":[{"embeddable":true,"href":"https:\/\/archivioturi.lavocedelpaese.info\/index.php\/wp-json\/wp\/v2\/users\/1"}],"replies":[{"embeddable":true,"href":"https:\/\/archivioturi.lavocedelpaese.info\/index.php\/wp-json\/wp\/v2\/comments?post=11294"}],"version-history":[{"count":0,"href":"https:\/\/archivioturi.lavocedelpaese.info\/index.php\/wp-json\/wp\/v2\/posts\/11294\/revisions"}],"wp:attachment":[{"href":"https:\/\/archivioturi.lavocedelpaese.info\/index.php\/wp-json\/wp\/v2\/media?parent=11294"}],"wp:term":[{"taxonomy":"category","embeddable":true,"href":"https:\/\/archivioturi.lavocedelpaese.info\/index.php\/wp-json\/wp\/v2\/categories?post=11294"},{"taxonomy":"post_tag","embeddable":true,"href":"https:\/\/archivioturi.lavocedelpaese.info\/index.php\/wp-json\/wp\/v2\/tags?post=11294"}],"curies":[{"name":"wp","href":"https:\/\/api.w.org\/{rel}","templated":true}]}}