{"id":11275,"date":"2013-07-16T06:55:43","date_gmt":"2013-07-16T06:55:43","guid":{"rendered":"https:\/\/archivioturi.lavocedelpaese.info\/index.php\/2013\/07\/16\/de-bellis-conquista-il-dan\/"},"modified":"2013-07-16T06:55:43","modified_gmt":"2013-07-16T06:55:43","slug":"de-bellis-conquista-il-dan","status":"publish","type":"post","link":"https:\/\/archivioturi.lavocedelpaese.info\/index.php\/2013\/07\/16\/de-bellis-conquista-il-dan\/","title":{"rendered":"De Bellis conquista il Dan"},"content":{"rendered":"<p><img loading=\"lazy\" decoding=\"async\" src=\"http:\/\/farm4.staticflickr.com\/3676\/9288936973_4d4f603c6b_n.jpg\" width=\"320\" height=\"239\" alt=\"Esami De Bellis\" \/><\/p>\n<p style=\"text-align: justify;\">Domenica 7 luglio 2013 per Angela De Bellis sar\u00e0 una data che difficilmente riuscir\u00e0 a dimenticare.<\/p>\n<p style=\"text-align: justify;\">\u00c8 stato il giorno in cui ha raggiunto uno degli obiettivi pi\u00f9 importanti della sua carriera sportiva: la conquista della famigerata e tanto agognata cintura nera 1\u00b0 Dan di Karate, disciplina marziale che pratica sin da bambina.<\/p>\n<p style=\"text-align: justify;\">La commissione era formata da illustri e famosi maestri di karate di fama mondiale, tra cui il presidente nazionale F.E.K.A.M. (Federazione Europea Karate Arti Marziali) Flaminio Cabrini, cintura nera 9\u00b0 dan, gli ufficiali di gara internazionali, maestri Sarappa Vincenzo e Colella Nunzio, e dal presidente e dal vice presidente Puglia della stessa federazione.<\/p>\n<p style=\"text-align: justify;\">Gli esami prevedevano una serie di kion (tecniche di preparazione al kat\u00e0 o kumit\u00e8), il kat\u00e0 previsto per la cintura con la relativa applicazione ed una piccola dimostrazione di combattimento.<\/p>\n<p style=\"text-align: justify;\">Gli atleti che si accingevano a sostenere l\u2019esame erano ben 20 provenienti da tutta la regione Puglia, divisi tra primi e secondi Dan.<\/p>\n<p style=\"text-align: justify;\">Il programma variava a seconda del livello di cintura nera per cui si sosteneva l\u2019esame.<\/p>\n<p style=\"text-align: justify;\">A fine seduta, una dimostrazione di kat\u00e0 eseguita dal campione mondiale, nonch\u00e9 membro della rappresentativa italiana Marco Signorile, che si \u00e8 cimentato in uno splendido Chatanara kushanku, un kat\u00e0 che \u00e8 mix di tecnica, eleganza, velocit\u00e0, rapidit\u00e0, equilibrio e tanta resistenza, lo stesso kat\u00e0 che gli ha permesso di salire sul podio pi\u00f9 alto dell\u2019ultimo campionato mondiale che lo scorso mese di ottobre si \u00e8 svolto a Bucarest.<\/p>\n<p style=\"text-align: justify;\">Indubbiamente per l\u2019atleta turese \u00e8 un orgoglioso traguardo tagliato, ma nello stesso tempo, la cintura nera conquistata, rappresenta anche un ulteriore stimolo per proseguire in questo lungo cammino. Praticare karate \u00e8 come correre in un interminabile sentiero: ad ogni angolo si nasconde sempre una novit\u00e0, a volte bella ed a volte brutta, che bisogna affrontare per continuare ad andare avanti. Solo l\u2019allenamento e la tenacia pu\u00f2 aiutare a superarli traendo in ogni caso un saggio insegnamento.<\/p>\n<p style=\"text-align: justify;\">Un grandissimo augurio alla giovane cintura nera \u00e8 espresso anche dal suo maestro Francesco Mallardi, cintura nera 4\u00b0 Dan di Karate, che giornalmente la segue durante i suoi allenamenti, cercando di farle esprimere sempre il meglio di se.<\/p>\n<p style=\"text-align: justify;\">Con grande soddisfazione, ma anche con una punta di orgoglio, il maestro Mallardi si dichiara pi\u00f9 che soddisfatto per questo ennesimo traguardo raggiunto in un anno colmo d\u2019insidie e difficolt\u00e0, ma di altrettanti obiettivi raggiunti e di medaglie conquistate che danno sempre pi\u00f9 prestigio all\u2019A.s.d. Club Okinawa.<\/p>\n","protected":false},"excerpt":{"rendered":"<p><img loading=\"lazy\" decoding=\"async\" src=\"http:\/\/farm4.staticflickr.com\/3676\/9288936973_4d4f603c6b_n.jpg\" width=\"320\" height=\"239\" alt=\"Esami De Bellis\" \/><\/p>\n","protected":false},"author":1,"featured_media":0,"comment_status":"open","ping_status":"closed","sticky":false,"template":"","format":"standard","meta":{"colormag_page_container_layout":"default_layout","colormag_page_sidebar_layout":"default_layout","footnotes":""},"categories":[5],"tags":[],"class_list":["post-11275","post","type-post","status-publish","format-standard","hentry","category-sport"],"_links":{"self":[{"href":"https:\/\/archivioturi.lavocedelpaese.info\/index.php\/wp-json\/wp\/v2\/posts\/11275","targetHints":{"allow":["GET"]}}],"collection":[{"href":"https:\/\/archivioturi.lavocedelpaese.info\/index.php\/wp-json\/wp\/v2\/posts"}],"about":[{"href":"https:\/\/archivioturi.lavocedelpaese.info\/index.php\/wp-json\/wp\/v2\/types\/post"}],"author":[{"embeddable":true,"href":"https:\/\/archivioturi.lavocedelpaese.info\/index.php\/wp-json\/wp\/v2\/users\/1"}],"replies":[{"embeddable":true,"href":"https:\/\/archivioturi.lavocedelpaese.info\/index.php\/wp-json\/wp\/v2\/comments?post=11275"}],"version-history":[{"count":0,"href":"https:\/\/archivioturi.lavocedelpaese.info\/index.php\/wp-json\/wp\/v2\/posts\/11275\/revisions"}],"wp:attachment":[{"href":"https:\/\/archivioturi.lavocedelpaese.info\/index.php\/wp-json\/wp\/v2\/media?parent=11275"}],"wp:term":[{"taxonomy":"category","embeddable":true,"href":"https:\/\/archivioturi.lavocedelpaese.info\/index.php\/wp-json\/wp\/v2\/categories?post=11275"},{"taxonomy":"post_tag","embeddable":true,"href":"https:\/\/archivioturi.lavocedelpaese.info\/index.php\/wp-json\/wp\/v2\/tags?post=11275"}],"curies":[{"name":"wp","href":"https:\/\/api.w.org\/{rel}","templated":true}]}}