{"id":11268,"date":"2013-07-15T06:26:56","date_gmt":"2013-07-15T06:26:56","guid":{"rendered":"https:\/\/archivioturi.lavocedelpaese.info\/index.php\/2013\/07\/15\/si-balla-con-lauser\/"},"modified":"2013-07-15T06:26:56","modified_gmt":"2013-07-15T06:26:56","slug":"si-balla-con-lauser","status":"publish","type":"post","link":"https:\/\/archivioturi.lavocedelpaese.info\/index.php\/2013\/07\/15\/si-balla-con-lauser\/","title":{"rendered":"Si balla \u2026 con l\u2019Auser"},"content":{"rendered":"<p><img loading=\"lazy\" decoding=\"async\" src=\"http:\/\/farm8.staticflickr.com\/7369\/9242842204_2be7069c57_n.jpg\" width=\"320\" height=\"213\" alt=\"IMG_0097\" \/><\/p>\n<p style=\"text-align: justify;\">Non finiscono di sorprenderci i ragazzi dell\u2019Auser Insieme \u201cDario Danese\u201d di Turi che ogni settimana ci regalano sorsi di vitalit\u00e0. Dopo le numerose iniziative gi\u00e0 in curriculum, nei venerd\u00ec di luglio ci hanno preparato la \u201cFesta d\u2019estate ballando\u201d, che dal 5 al 26 luglio animer\u00e0 piazza Venusio.<\/p>\n<p style=\"text-align: justify;\">Gi\u00e0 la prima serata non ha mancato di offrire, a partire dalle ore 21.00, occasioni di divertimento per i numerosi cittadini accorsi attirati dalla musica e dal ritmo. Balli di ogni genere, dal classico a quelli di gruppo per appagare i piaceri di grandi e piccini hanno dato spunto a tutti per stare insieme e condividere il piacere di vivere una piazza cittadina.<\/p>\n<p style=\"text-align: justify;\">Appuntamento quindi alla stessa ora di venerd\u00ec 12 luglio in piazza Venusio con tante sorprese e novit\u00e0 targate Auser Insieme Turi.<\/p>\n<p><img loading=\"lazy\" decoding=\"async\" src=\"http:\/\/farm6.staticflickr.com\/5529\/9240053655_8083ba4223_n.jpg\" width=\"320\" height=\"213\" alt=\"IMG_0096\" \/><\/p>\n","protected":false},"excerpt":{"rendered":"<p><img loading=\"lazy\" decoding=\"async\" src=\"http:\/\/farm8.staticflickr.com\/7369\/9242842204_2be7069c57_n.jpg\" width=\"320\" height=\"213\" alt=\"IMG_0097\" \/><\/p>\n","protected":false},"author":1,"featured_media":0,"comment_status":"open","ping_status":"closed","sticky":false,"template":"","format":"standard","meta":{"colormag_page_container_layout":"default_layout","colormag_page_sidebar_layout":"default_layout","footnotes":""},"categories":[7],"tags":[],"class_list":["post-11268","post","type-post","status-publish","format-standard","hentry","category-attualita"],"_links":{"self":[{"href":"https:\/\/archivioturi.lavocedelpaese.info\/index.php\/wp-json\/wp\/v2\/posts\/11268","targetHints":{"allow":["GET"]}}],"collection":[{"href":"https:\/\/archivioturi.lavocedelpaese.info\/index.php\/wp-json\/wp\/v2\/posts"}],"about":[{"href":"https:\/\/archivioturi.lavocedelpaese.info\/index.php\/wp-json\/wp\/v2\/types\/post"}],"author":[{"embeddable":true,"href":"https:\/\/archivioturi.lavocedelpaese.info\/index.php\/wp-json\/wp\/v2\/users\/1"}],"replies":[{"embeddable":true,"href":"https:\/\/archivioturi.lavocedelpaese.info\/index.php\/wp-json\/wp\/v2\/comments?post=11268"}],"version-history":[{"count":0,"href":"https:\/\/archivioturi.lavocedelpaese.info\/index.php\/wp-json\/wp\/v2\/posts\/11268\/revisions"}],"wp:attachment":[{"href":"https:\/\/archivioturi.lavocedelpaese.info\/index.php\/wp-json\/wp\/v2\/media?parent=11268"}],"wp:term":[{"taxonomy":"category","embeddable":true,"href":"https:\/\/archivioturi.lavocedelpaese.info\/index.php\/wp-json\/wp\/v2\/categories?post=11268"},{"taxonomy":"post_tag","embeddable":true,"href":"https:\/\/archivioturi.lavocedelpaese.info\/index.php\/wp-json\/wp\/v2\/tags?post=11268"}],"curies":[{"name":"wp","href":"https:\/\/api.w.org\/{rel}","templated":true}]}}