{"id":11266,"date":"2013-07-09T15:47:17","date_gmt":"2013-07-09T15:47:17","guid":{"rendered":"https:\/\/archivioturi.lavocedelpaese.info\/index.php\/2013\/07\/09\/storia-della-ciliegia\/"},"modified":"2013-07-09T15:47:17","modified_gmt":"2013-07-09T15:47:17","slug":"storia-della-ciliegia","status":"publish","type":"post","link":"https:\/\/archivioturi.lavocedelpaese.info\/index.php\/2013\/07\/09\/storia-della-ciliegia\/","title":{"rendered":"Storia della Ciliegia"},"content":{"rendered":"<p style=\"text-align: justify;\"><img loading=\"lazy\" decoding=\"async\" class=\" size-full wp-image-8872\" src=\"https:\/\/archivioturi.lavocedelpaese.info\/wp-content\/uploads\/2012\/04\/cento-studi-12-quad.JPG\" width=\"320\" height=\"151\" alt=\"cento studi 12 quad\" style=\"margin: 0px 3px;\" srcset=\"https:\/\/archivioturi.lavocedelpaese.info\/wp-content\/uploads\/2012\/04\/cento-studi-12-quad.JPG 640w, https:\/\/archivioturi.lavocedelpaese.info\/wp-content\/uploads\/2012\/04\/cento-studi-12-quad-300x142.jpg 300w\" sizes=\"auto, (max-width: 320px) 100vw, 320px\" \/><\/p>\n<p style=\"text-align: justify;\"><span style=\"font-size: 8pt;\"><em><strong>(immagine di repertorio)<\/strong><\/em><\/span><\/p>\n<p style=\"text-align: justify;\">Venerd\u00ec, presso la sala Consiliare del nostro Comune, ci sar\u00e0 una manifestazione che riporter\u00e0 alla mente dei nostri concittadini la \u201c8\u00b0 Festa Nazionale Citt\u00e0 delle Ciliegie\u201d. Il Centro Studi di Storia e Cultura di Turi \u201cMatteo Pugliese\u201d vuole ricordare la realizzazione del suo volumetto \u201cStoria della ciliegia: produzione e commercializzazione della ciliegia nel Sud-Est Barese\u201d, presentato in piazza Gonnelli il 7 giugno u.s. e ringraziare coloro che l\u2019hanno permesso. Prima di tutto \u00e8 doveroso ringraziare il Prof. Onofrio Resta, Assessore Provinciale alle \u201cAttivit\u00e0 Produttive\u201d e sindaco di Turi. Senza il suo aiuto e sprono non avremmo potuto realizzarlo. Un grazie di cuore ai collaboratori del Centro Studi: Prof. Raffaele Valentini, Giovanni Lerede, Tino Sabino, Vincenzo Pascalicchio, Piero A. Logrillo e Giovanni Palmisano che ha contribuito con le meravigliose foto e Vito Scisci, che si sono prodigati nella ricerca del materiale necessario.<\/p>\n<p style=\"text-align: justify;\">Grazie anche al dott. Sergio Maino: Direttore Amministrativo e al dott. Pierpaolo Armagno: Responsabile del Servizio Tecnico della \u201cGiuliano s.r.l.\u201d che gentilmente hanno voluto presentare il nostro volumetto. Alla serata sono intervenuti in rappresentanza delle Autorit\u00e0 Cittadine Angelo Palmisano e Antonio Tateo che ringraziamo di cuore per il lustro che hanno voluto dare alla manifestazione.<\/p>\n<p style=\"text-align: justify;\">Grazie al pubblico che ha ascoltato l&#8217;esposizione, ha fatto domande e continua a chiederci il nostro volumetto, che continueremo a distribuire gratis sino a esaurimento copie.<\/p>\n","protected":false},"excerpt":{"rendered":"<p style=\"text-align: justify;\"><img loading=\"lazy\" decoding=\"async\" class=\" size-full wp-image-8872\" src=\"https:\/\/archivioturi.lavocedelpaese.info\/wp-content\/uploads\/2012\/04\/cento-studi-12-quad.JPG\" width=\"320\" height=\"151\" alt=\"cento studi 12 quad\" style=\"margin: 0px 3px;\" srcset=\"https:\/\/archivioturi.lavocedelpaese.info\/wp-content\/uploads\/2012\/04\/cento-studi-12-quad.JPG 640w, https:\/\/archivioturi.lavocedelpaese.info\/wp-content\/uploads\/2012\/04\/cento-studi-12-quad-300x142.jpg 300w\" sizes=\"auto, (max-width: 320px) 100vw, 320px\" \/><\/p>\n","protected":false},"author":1,"featured_media":8872,"comment_status":"open","ping_status":"closed","sticky":false,"template":"","format":"standard","meta":{"colormag_page_container_layout":"default_layout","colormag_page_sidebar_layout":"default_layout","footnotes":""},"categories":[7],"tags":[],"class_list":["post-11266","post","type-post","status-publish","format-standard","has-post-thumbnail","hentry","category-attualita"],"_links":{"self":[{"href":"https:\/\/archivioturi.lavocedelpaese.info\/index.php\/wp-json\/wp\/v2\/posts\/11266","targetHints":{"allow":["GET"]}}],"collection":[{"href":"https:\/\/archivioturi.lavocedelpaese.info\/index.php\/wp-json\/wp\/v2\/posts"}],"about":[{"href":"https:\/\/archivioturi.lavocedelpaese.info\/index.php\/wp-json\/wp\/v2\/types\/post"}],"author":[{"embeddable":true,"href":"https:\/\/archivioturi.lavocedelpaese.info\/index.php\/wp-json\/wp\/v2\/users\/1"}],"replies":[{"embeddable":true,"href":"https:\/\/archivioturi.lavocedelpaese.info\/index.php\/wp-json\/wp\/v2\/comments?post=11266"}],"version-history":[{"count":0,"href":"https:\/\/archivioturi.lavocedelpaese.info\/index.php\/wp-json\/wp\/v2\/posts\/11266\/revisions"}],"wp:featuredmedia":[{"embeddable":true,"href":"https:\/\/archivioturi.lavocedelpaese.info\/index.php\/wp-json\/wp\/v2\/media\/8872"}],"wp:attachment":[{"href":"https:\/\/archivioturi.lavocedelpaese.info\/index.php\/wp-json\/wp\/v2\/media?parent=11266"}],"wp:term":[{"taxonomy":"category","embeddable":true,"href":"https:\/\/archivioturi.lavocedelpaese.info\/index.php\/wp-json\/wp\/v2\/categories?post=11266"},{"taxonomy":"post_tag","embeddable":true,"href":"https:\/\/archivioturi.lavocedelpaese.info\/index.php\/wp-json\/wp\/v2\/tags?post=11266"}],"curies":[{"name":"wp","href":"https:\/\/api.w.org\/{rel}","templated":true}]}}