{"id":11262,"date":"2013-07-10T14:28:24","date_gmt":"2013-07-10T14:28:24","guid":{"rendered":"https:\/\/archivioturi.lavocedelpaese.info\/index.php\/2013\/07\/10\/pugliese-ufficialmente-senza-squadra\/"},"modified":"2013-07-10T14:28:24","modified_gmt":"2013-07-10T14:28:24","slug":"pugliese-ufficialmente-senza-squadra","status":"publish","type":"post","link":"https:\/\/archivioturi.lavocedelpaese.info\/index.php\/2013\/07\/10\/pugliese-ufficialmente-senza-squadra\/","title":{"rendered":"Pugliese ufficialmente senza squadra"},"content":{"rendered":"<p style=\"text-align: justify;\"><img loading=\"lazy\" decoding=\"async\" class=\" size-full wp-image-10104\" src=\"https:\/\/archivioturi.lavocedelpaese.info\/wp-content\/uploads\/2012\/09\/Gepy-Pugliese-2.jpg\" width=\"320\" height=\"150\" alt=\"Gepy Pugliese 2\" style=\"margin: 0px 3px;\" srcset=\"https:\/\/archivioturi.lavocedelpaese.info\/wp-content\/uploads\/2012\/09\/Gepy-Pugliese-2.jpg 640w, https:\/\/archivioturi.lavocedelpaese.info\/wp-content\/uploads\/2012\/09\/Gepy-Pugliese-2-300x141.jpg 300w\" sizes=\"auto, (max-width: 320px) 100vw, 320px\" \/><\/p>\n<p style=\"text-align: justify;\">Il sogno di giocare in seria A per Giuseppe Pugliese \u00e8 rimandato. Infatti l\u2019Hellas Verona, neopromossa nella massima serie, non ha rinnovato il contratto del ventinovenne terzino turese, in scadenza a fine giugno. Di fatto Gepy \u00e8 un giocatore \u00e8 libero e non sa ancora quale casacca indosser\u00e0 nella prossima stagione. Ci sono delle voci che lo danno vicino al Padova in serie B, ma per ora \u00e8 tutto fantacalcio. Nella scorsa stagione Gepy non ha collezionato alcuna presenza in prima squadra a causa del terribile infortunio al malleolo capitatogli in pre-campionato contro la Fiorentina.<\/p>\n<p style=\"text-align: justify;\">La conferma sulla panchina giallobl\u00f9 nella prossima stagione del tecnico Mandorlini avr\u00e0 molto probabilmente influito sulla scelta della societ\u00e0 di non dare fiducia al giocatore che rimane comunque un idolo per i tifosi del Verona. Quando nel gennaio del 2009 Gepy arriv\u00f2 nella citt\u00e0 scaligera, che allora giocava in Lega Pro, con l\u2019umilt\u00e0 e la dedizione di sempre, ha conquistato la maglia da titolare e l\u2019anno successivo ha sfiorato con i suoi compagni la promozione in serie B, sfumata ai play-off. In quell\u2019anno il terzino numero 33 ha ricevuto l\u2019ambito premio del \u201cMastino del Bentegodi\u201d che viene assegnato al giocatore che riceve pi\u00f9 voti dai tifosi. Nella stagione successiva ha avuto l\u2019opportunit\u00e0 di andare a giocare a Varese in serie B e non se l\u2019\u00e8 fatta scappare. Il tecnico Sannino lo ha accolto a braccia aperte e lo ha fatto giocare con costanza. La difesa del Varese \u00e8 risultata a fine campionato la meno perforata della serie B. Il ritorno a Verona nella stagione successiva non \u00e8 stata una scelta felice per Gepy, perch\u00e9 Mandorlini non lo considerer\u00e0 mai pi\u00f9 la prima scelta. L\u2019estate scorsa il Bari aveva sondato il terreno per arrivare al giocatore turese, ma l\u2019infortunio ha poi bloccato tutte le trattative.<\/p>\n<p style=\"text-align: justify;\">Gepy si trova attualmente a Verona dove dovrebbe incontrare nei prossimi giorni il direttore sportivo Sogliano. Nel frattempo si sta allenando per ritrovare la forma migliore per poter essere pronto per le amichevoli d\u2019estate. Il mercato \u00e8 piuttosto fermo. Sono poche le squadre attive in questa fase ma tra un paio di settimane quando inizieranno i ritiri si entrer\u00e0 nel vivo del calciomercato e sapremo finalmente la prossima squadra del campione turese.&nbsp;<\/p>\n","protected":false},"excerpt":{"rendered":"<p style=\"text-align: justify;\"><img loading=\"lazy\" decoding=\"async\" class=\" size-full wp-image-10104\" src=\"https:\/\/archivioturi.lavocedelpaese.info\/wp-content\/uploads\/2012\/09\/Gepy-Pugliese-2.jpg\" width=\"320\" height=\"150\" alt=\"Gepy Pugliese 2\" style=\"margin: 0px 3px;\" srcset=\"https:\/\/archivioturi.lavocedelpaese.info\/wp-content\/uploads\/2012\/09\/Gepy-Pugliese-2.jpg 640w, https:\/\/archivioturi.lavocedelpaese.info\/wp-content\/uploads\/2012\/09\/Gepy-Pugliese-2-300x141.jpg 300w\" sizes=\"auto, (max-width: 320px) 100vw, 320px\" \/><\/p>\n","protected":false},"author":1,"featured_media":10104,"comment_status":"open","ping_status":"closed","sticky":false,"template":"","format":"standard","meta":{"colormag_page_container_layout":"default_layout","colormag_page_sidebar_layout":"default_layout","footnotes":""},"categories":[5],"tags":[],"class_list":["post-11262","post","type-post","status-publish","format-standard","has-post-thumbnail","hentry","category-sport"],"_links":{"self":[{"href":"https:\/\/archivioturi.lavocedelpaese.info\/index.php\/wp-json\/wp\/v2\/posts\/11262","targetHints":{"allow":["GET"]}}],"collection":[{"href":"https:\/\/archivioturi.lavocedelpaese.info\/index.php\/wp-json\/wp\/v2\/posts"}],"about":[{"href":"https:\/\/archivioturi.lavocedelpaese.info\/index.php\/wp-json\/wp\/v2\/types\/post"}],"author":[{"embeddable":true,"href":"https:\/\/archivioturi.lavocedelpaese.info\/index.php\/wp-json\/wp\/v2\/users\/1"}],"replies":[{"embeddable":true,"href":"https:\/\/archivioturi.lavocedelpaese.info\/index.php\/wp-json\/wp\/v2\/comments?post=11262"}],"version-history":[{"count":0,"href":"https:\/\/archivioturi.lavocedelpaese.info\/index.php\/wp-json\/wp\/v2\/posts\/11262\/revisions"}],"wp:featuredmedia":[{"embeddable":true,"href":"https:\/\/archivioturi.lavocedelpaese.info\/index.php\/wp-json\/wp\/v2\/media\/10104"}],"wp:attachment":[{"href":"https:\/\/archivioturi.lavocedelpaese.info\/index.php\/wp-json\/wp\/v2\/media?parent=11262"}],"wp:term":[{"taxonomy":"category","embeddable":true,"href":"https:\/\/archivioturi.lavocedelpaese.info\/index.php\/wp-json\/wp\/v2\/categories?post=11262"},{"taxonomy":"post_tag","embeddable":true,"href":"https:\/\/archivioturi.lavocedelpaese.info\/index.php\/wp-json\/wp\/v2\/tags?post=11262"}],"curies":[{"name":"wp","href":"https:\/\/api.w.org\/{rel}","templated":true}]}}