{"id":11250,"date":"2013-07-09T08:16:21","date_gmt":"2013-07-09T08:16:21","guid":{"rendered":"https:\/\/archivioturi.lavocedelpaese.info\/index.php\/2013\/07\/09\/loratorio-estivo-2013-si-presenta\/"},"modified":"2013-07-09T08:16:21","modified_gmt":"2013-07-09T08:16:21","slug":"loratorio-estivo-2013-si-presenta","status":"publish","type":"post","link":"https:\/\/archivioturi.lavocedelpaese.info\/index.php\/2013\/07\/09\/loratorio-estivo-2013-si-presenta\/","title":{"rendered":"L&#8217;oratorio estivo 2013 si presenta"},"content":{"rendered":"<p><img loading=\"lazy\" decoding=\"async\" src=\"http:\/\/farm6.staticflickr.com\/5498\/9238404790_2f466a23c9_n.jpg\" width=\"320\" height=\"199\" alt=\"oratorio\" \/><\/p>\n<p class=\"Standard\" style=\"text-align: justify;\"><span style=\"font-size: 8pt;\"><strong><em>(foto M. Iacovazzi)<\/em><\/strong><\/span><\/p>\n<p class=\"Standard\" style=\"text-align: justify;\">\u00c8 ufficialmente partita, venerd\u00ec scorso, l\u2019avventura dell\u2019oratorio estivo organizzato dalla parrocchia Maria SS. Ausiliatrice e dal gruppo \u201cViviloratorio\u201d che da sempre rappresenta la soluzione ideale per i pomeriggi di vacanza di numerosi bambini dai sette ai quattordici anni di et\u00e0.<\/p>\n<p class=\"Standard\" style=\"text-align: justify;\">Dalle ore 16.00 alle ore 19.00, dal marted\u00ec al venerd\u00ec, infatti, il numerosissimo gruppo di bambini e ragazzi che parteciperanno all\u2019iniziativa, si&nbsp; cimenteranno in giochi e attivit\u00e0 didattiche aventi come filo conduttore il \u201cFantasi\u201d.<\/p>\n<p class=\"Standard\" style=\"text-align: justify;\">Cordialit\u00e0, simpatia e un\u2019atmosfera serena e divertente ha inondato fin dal primo giorno questa avventura che avvalendosi dei personaggi del libro \u201cLa storia infinita\u201d presenter\u00e0 giorno per giorno diversi spunti di riflessione conducendo le sei squadre (Atreiu, Falco, Desideria, Morla, Imperatrice e Bastian), in cui i ragazzi sono stati ripartiti, al divertimento, attraverso giochi, balli e racconti. Tanti i ragazzi accorsi a partecipare a questo irrinunciabile appuntamento del panorama ludico-educativo turese che coinvolger\u00e0 anche gli adulti con le irrinunciabili degustazioni di frittelle, wurstel, cr\u00e8pes e panzerotti che si terranno tutti i venerd\u00ec sera, del mese di luglio, a partire dalle ore 19,30.<\/p>\n","protected":false},"excerpt":{"rendered":"<p><img loading=\"lazy\" decoding=\"async\" src=\"http:\/\/farm6.staticflickr.com\/5498\/9238404790_2f466a23c9_n.jpg\" width=\"320\" height=\"199\" alt=\"oratorio\" \/><\/p>\n","protected":false},"author":1,"featured_media":0,"comment_status":"open","ping_status":"closed","sticky":false,"template":"","format":"standard","meta":{"colormag_page_container_layout":"default_layout","colormag_page_sidebar_layout":"default_layout","footnotes":""},"categories":[6],"tags":[],"class_list":["post-11250","post","type-post","status-publish","format-standard","hentry","category-cultura"],"_links":{"self":[{"href":"https:\/\/archivioturi.lavocedelpaese.info\/index.php\/wp-json\/wp\/v2\/posts\/11250","targetHints":{"allow":["GET"]}}],"collection":[{"href":"https:\/\/archivioturi.lavocedelpaese.info\/index.php\/wp-json\/wp\/v2\/posts"}],"about":[{"href":"https:\/\/archivioturi.lavocedelpaese.info\/index.php\/wp-json\/wp\/v2\/types\/post"}],"author":[{"embeddable":true,"href":"https:\/\/archivioturi.lavocedelpaese.info\/index.php\/wp-json\/wp\/v2\/users\/1"}],"replies":[{"embeddable":true,"href":"https:\/\/archivioturi.lavocedelpaese.info\/index.php\/wp-json\/wp\/v2\/comments?post=11250"}],"version-history":[{"count":0,"href":"https:\/\/archivioturi.lavocedelpaese.info\/index.php\/wp-json\/wp\/v2\/posts\/11250\/revisions"}],"wp:attachment":[{"href":"https:\/\/archivioturi.lavocedelpaese.info\/index.php\/wp-json\/wp\/v2\/media?parent=11250"}],"wp:term":[{"taxonomy":"category","embeddable":true,"href":"https:\/\/archivioturi.lavocedelpaese.info\/index.php\/wp-json\/wp\/v2\/categories?post=11250"},{"taxonomy":"post_tag","embeddable":true,"href":"https:\/\/archivioturi.lavocedelpaese.info\/index.php\/wp-json\/wp\/v2\/tags?post=11250"}],"curies":[{"name":"wp","href":"https:\/\/api.w.org\/{rel}","templated":true}]}}