{"id":11246,"date":"2013-07-08T09:16:36","date_gmt":"2013-07-08T09:16:36","guid":{"rendered":"https:\/\/archivioturi.lavocedelpaese.info\/index.php\/2013\/07\/08\/si-formano-le-squadre\/"},"modified":"2013-07-08T09:16:36","modified_gmt":"2013-07-08T09:16:36","slug":"si-formano-le-squadre","status":"publish","type":"post","link":"https:\/\/archivioturi.lavocedelpaese.info\/index.php\/2013\/07\/08\/si-formano-le-squadre\/","title":{"rendered":"Si formano le squadre!"},"content":{"rendered":"<p><img loading=\"lazy\" decoding=\"async\" src=\"http:\/\/farm4.staticflickr.com\/3816\/9122667969_fb76deabbd_n.jpg\" width=\"320\" height=\"248\" alt=\"presentazione Palio\" \/><\/p>\n<p style=\"text-align: justify;\">Dopo la presentazione alla cittadinanza e alle squadre dei partecipanti al progetto estivo dell\u2019Associazione \u201cGirasole\u201d di Turi, la scorsa settimana sono partiti gli incontri con i vari rioni per procedere con la formazione delle squadre, individuare il capo turione e definire i partecipanti ai vari giochi.<\/p>\n<p style=\"text-align: justify;\">Il tutto si \u00e8 aperto nel pomeriggio del 28 giugno con l\u2019incontro con il rione rosso, seguito nel pomeriggio del 4 luglio con il rione rosa. Uno dopo l\u2019altro le formazioni si compongono e gli appuntamenti dell\u2019associazione con le squadre pronte a sfidarsi procedono. Nel pomeriggio di venerd\u00ec 5 \u00e8 la volta del rione celeste, luned\u00ec 8 con l&#8217;arancione, martedi 9 con il giallo e mercoled\u00ec 10 con il blu.<\/p>\n<p style=\"text-align: justify;\">Ogni incontro si realizza nel luogo simbolo del rione: per il rione rosso cio\u00e8 Sant&#8217;Oronzo l\u2019appuntamento \u00e8 in piazza Dalfino nei pressi dell&#8217;Itc, per l\u2019arancione cio\u00e8 zona Porta Rossa \u00e8 in via Ninuccio Napolitano, angolo via Gioia Canale; per il rione rosa cio\u00e8 zona San Giovanni- Venusio \u00e8 Piazza Venusio, per il colore celeste cio\u00e8 Peucetia-Serrone \u00e8 piazza Baden Powel, nei pressi dell\u2019ex cimitero; per la bandiera gialla cio\u00e8 zona Moles \u00e8 la Villa comunale ed infine, per il rione blu cio\u00e8 zona Pozzi \u00e8 appunto Largo Pozzi.<\/p>\n<p style=\"text-align: justify;\">Bello il coinvolgimento che i ragazzi dell\u2019Associazione stanno creando in tutto il paese, chiamando a raccolta chiunque abbia voglia di giocare e mettersi alla prova per portare a casa, o meglio, al proprio rione, il tanto ambito Drappo dei rioni. L\u2019attesa per veder vivere il paese cresce di settimana in settimana e chiunque fosse ancora interessato ad avere maggiori dettagli sull\u2019iniziativa dell\u2019estate turese pu\u00f2 incontrare i ragazzi dell\u2019associazione, ogni venerd\u00ec dalle 18.00 alle 20.00 presso la biblioteca.<\/p>\n<p style=\"text-align: justify;\">L\u2019invito \u00e8 quindi di partecipare e di colorare Turi dei colori dei rioni esponendo fuori dalle proprie abitazioni, una stoffa del colore del proprio rione!<\/p>\n","protected":false},"excerpt":{"rendered":"<p><img loading=\"lazy\" decoding=\"async\" src=\"http:\/\/farm4.staticflickr.com\/3816\/9122667969_fb76deabbd_n.jpg\" width=\"320\" height=\"248\" alt=\"presentazione Palio\" \/><\/p>\n","protected":false},"author":1,"featured_media":0,"comment_status":"open","ping_status":"closed","sticky":false,"template":"","format":"standard","meta":{"colormag_page_container_layout":"default_layout","colormag_page_sidebar_layout":"default_layout","footnotes":""},"categories":[6],"tags":[],"class_list":["post-11246","post","type-post","status-publish","format-standard","hentry","category-cultura"],"_links":{"self":[{"href":"https:\/\/archivioturi.lavocedelpaese.info\/index.php\/wp-json\/wp\/v2\/posts\/11246","targetHints":{"allow":["GET"]}}],"collection":[{"href":"https:\/\/archivioturi.lavocedelpaese.info\/index.php\/wp-json\/wp\/v2\/posts"}],"about":[{"href":"https:\/\/archivioturi.lavocedelpaese.info\/index.php\/wp-json\/wp\/v2\/types\/post"}],"author":[{"embeddable":true,"href":"https:\/\/archivioturi.lavocedelpaese.info\/index.php\/wp-json\/wp\/v2\/users\/1"}],"replies":[{"embeddable":true,"href":"https:\/\/archivioturi.lavocedelpaese.info\/index.php\/wp-json\/wp\/v2\/comments?post=11246"}],"version-history":[{"count":0,"href":"https:\/\/archivioturi.lavocedelpaese.info\/index.php\/wp-json\/wp\/v2\/posts\/11246\/revisions"}],"wp:attachment":[{"href":"https:\/\/archivioturi.lavocedelpaese.info\/index.php\/wp-json\/wp\/v2\/media?parent=11246"}],"wp:term":[{"taxonomy":"category","embeddable":true,"href":"https:\/\/archivioturi.lavocedelpaese.info\/index.php\/wp-json\/wp\/v2\/categories?post=11246"},{"taxonomy":"post_tag","embeddable":true,"href":"https:\/\/archivioturi.lavocedelpaese.info\/index.php\/wp-json\/wp\/v2\/tags?post=11246"}],"curies":[{"name":"wp","href":"https:\/\/api.w.org\/{rel}","templated":true}]}}