{"id":11239,"date":"2013-07-04T08:14:20","date_gmt":"2013-07-04T08:14:20","guid":{"rendered":"https:\/\/archivioturi.lavocedelpaese.info\/index.php\/2013\/07\/04\/anche-questanno-la-colonia-marina-per-minori\/"},"modified":"2013-07-04T08:14:20","modified_gmt":"2013-07-04T08:14:20","slug":"anche-questanno-la-colonia-marina-per-minori","status":"publish","type":"post","link":"https:\/\/archivioturi.lavocedelpaese.info\/index.php\/2013\/07\/04\/anche-questanno-la-colonia-marina-per-minori\/","title":{"rendered":"Anche quest&#8217;anno la colonia marina per minori"},"content":{"rendered":"<p style=\"text-align: justify;\"><img loading=\"lazy\" decoding=\"async\" class=\" size-full wp-image-9843\" src=\"https:\/\/archivioturi.lavocedelpaese.info\/wp-content\/uploads\/2012\/08\/colonie-bambini-2.jpeg\" width=\"320\" height=\"240\" alt=\"colonie bambini 2\" style=\"margin: 0px 3px;\" srcset=\"https:\/\/archivioturi.lavocedelpaese.info\/wp-content\/uploads\/2012\/08\/colonie-bambini-2.jpeg 408w, https:\/\/archivioturi.lavocedelpaese.info\/wp-content\/uploads\/2012\/08\/colonie-bambini-2-300x225.jpeg 300w\" sizes=\"auto, (max-width: 320px) 100vw, 320px\" \/><\/p>\n<p style=\"text-align: justify;\">&#8220;Luned\u00ec scorso \u00e8 iniziata la colonia marina per minori di et\u00e0 compresa tra i 6 e i 12 anni.&nbsp;La colonia si divider\u00e0 in 2 turni, di 10 giorni ciascuno, il primo dal 1 al 12 luglio, il secondo dal 15 al 26 luglio, si svolger\u00e0 presso uno stabilimento balneare di Monopoli e sar\u00e0 aperta complessivamente a&nbsp;120 minori normodotati e 6 diversamente abili.&nbsp;Al primo turno parteciperanno 74 minori normodotati e 3 disabili.&#8221;<br \/> Lo dichiara in una nota l&#8217;assessore alle politiche sociali Mariangela Volpicella.<\/p>\n<p> &#8220;Nonostante le difficolt\u00e0 legate al&nbsp;bilancio, si \u00e8 fatto il massimo per poter garantire, anche per quest&#8217;anno, &nbsp;lo svolgimento delle colonie &#8211; prosegue il Vicesindaco &#8211; vi sono alcuni comuni, non molto lontani dal nostro che per problemi economici, non hanno potuto garantire lo svolgimento di questa attivit\u00e0, importantissima per la crescita dei bambini&#8221;.<\/p>\n<p> &#8220;Questo tipo di intervento &#8211; aggiunge Volpicella &#8211; risponde ai bisogni peculiari dei minori, quali la socializzazione, la comunicazione, l\u2019attivit\u00e0 ludica offerta alle famiglie nel periodo in cui la scuola \u00e8 chiusa per le vacanze estive&#8221;.<br \/> &#8220;Ringrazio tutti i genitori per la fiducia che ripongono nel Comune e nel consorzio C.A.S.A. &#8211; conclude l&#8217;assessore alle Politiche Sociali- Le famiglie possono stare tranquille perch\u00e9 loro figli saranno affiancati da uno staff valido e preparato e auguro a tutti i bambini di divertirsi e godersi appieno delle belle giornate di mare in compagnia&#8221;.<\/p>\n","protected":false},"excerpt":{"rendered":"<p style=\"text-align: justify;\"><img loading=\"lazy\" decoding=\"async\" class=\" size-full wp-image-9843\" src=\"https:\/\/archivioturi.lavocedelpaese.info\/wp-content\/uploads\/2012\/08\/colonie-bambini-2.jpeg\" width=\"320\" height=\"240\" alt=\"colonie bambini 2\" style=\"margin: 0px 3px;\" srcset=\"https:\/\/archivioturi.lavocedelpaese.info\/wp-content\/uploads\/2012\/08\/colonie-bambini-2.jpeg 408w, https:\/\/archivioturi.lavocedelpaese.info\/wp-content\/uploads\/2012\/08\/colonie-bambini-2-300x225.jpeg 300w\" sizes=\"auto, (max-width: 320px) 100vw, 320px\" \/><\/p>\n","protected":false},"author":1,"featured_media":9843,"comment_status":"open","ping_status":"closed","sticky":false,"template":"","format":"standard","meta":{"colormag_page_container_layout":"default_layout","colormag_page_sidebar_layout":"default_layout","footnotes":""},"categories":[4],"tags":[],"class_list":["post-11239","post","type-post","status-publish","format-standard","has-post-thumbnail","hentry","category-politica"],"_links":{"self":[{"href":"https:\/\/archivioturi.lavocedelpaese.info\/index.php\/wp-json\/wp\/v2\/posts\/11239","targetHints":{"allow":["GET"]}}],"collection":[{"href":"https:\/\/archivioturi.lavocedelpaese.info\/index.php\/wp-json\/wp\/v2\/posts"}],"about":[{"href":"https:\/\/archivioturi.lavocedelpaese.info\/index.php\/wp-json\/wp\/v2\/types\/post"}],"author":[{"embeddable":true,"href":"https:\/\/archivioturi.lavocedelpaese.info\/index.php\/wp-json\/wp\/v2\/users\/1"}],"replies":[{"embeddable":true,"href":"https:\/\/archivioturi.lavocedelpaese.info\/index.php\/wp-json\/wp\/v2\/comments?post=11239"}],"version-history":[{"count":0,"href":"https:\/\/archivioturi.lavocedelpaese.info\/index.php\/wp-json\/wp\/v2\/posts\/11239\/revisions"}],"wp:featuredmedia":[{"embeddable":true,"href":"https:\/\/archivioturi.lavocedelpaese.info\/index.php\/wp-json\/wp\/v2\/media\/9843"}],"wp:attachment":[{"href":"https:\/\/archivioturi.lavocedelpaese.info\/index.php\/wp-json\/wp\/v2\/media?parent=11239"}],"wp:term":[{"taxonomy":"category","embeddable":true,"href":"https:\/\/archivioturi.lavocedelpaese.info\/index.php\/wp-json\/wp\/v2\/categories?post=11239"},{"taxonomy":"post_tag","embeddable":true,"href":"https:\/\/archivioturi.lavocedelpaese.info\/index.php\/wp-json\/wp\/v2\/tags?post=11239"}],"curies":[{"name":"wp","href":"https:\/\/api.w.org\/{rel}","templated":true}]}}