{"id":1122,"date":"2009-12-29T14:55:45","date_gmt":"2009-12-29T14:55:45","guid":{"rendered":"https:\/\/archivioturi.lavocedelpaese.info\/index.php\/2009\/12\/29\/rissa-in-famiglia-arrestati-padre-e-figlio\/"},"modified":"2009-12-29T14:55:45","modified_gmt":"2009-12-29T14:55:45","slug":"rissa-in-famiglia-arrestati-padre-e-figlio","status":"publish","type":"post","link":"https:\/\/archivioturi.lavocedelpaese.info\/index.php\/2009\/12\/29\/rissa-in-famiglia-arrestati-padre-e-figlio\/","title":{"rendered":"RISSA IN FAMIGLIA, ARRESTATI PADRE E FIGLIO"},"content":{"rendered":"<p><img loading=\"lazy\" decoding=\"async\" class=\" size-full wp-image-508\" alt=\"ingresso-caserma-cc-turi\" src=\"https:\/\/archivioturi.lavocedelpaese.info\/wp-content\/uploads\/2009\/10\/ingresso-caserma-cc-turi.jpg\" height=\"150\" width=\"320\" \/> <\/p>\n<p style=\"text-align: justify;\"><span style=\"font-size: 10pt;\"><span style=\"font-family: verdana,geneva;\">Luned\u00ec sera i Carabinieri della locale Stazione hanno tratto in arresto un 50enne e suo figlio 23enne, entrambi gi\u00e0 noti alle Forze dell\u2019Ordine, con l\u2019accusa di <strong>maltrattamenti in famiglia e lesioni personali aggravate<\/strong>. L&#8217;accusa per l&#8217;uomo \u00e8 di aver ferito alla testa la moglie con una statuetta in gesso raffigurante la \u201cMadonna\u201d e averla tentata di strangolare. Adesso entrambi gli aggressori sono finiti in carcere.<\/span><\/span><\/p>\n<div style=\"text-align: justify;\"><\/div>\n<p style=\"text-align: justify;\"><span style=\"font-size: 10pt;\"><span style=\"font-family: verdana,geneva;\">I carabinieri, giunti sul posto a seguiti di una richiesta telefonica al 112, si sono precipitati presso la palazzina segnalata, sita tra via Rutigliano e via Vecchia Rutigliano, e all\u2019interno di un appartamento hanno trovato una donna di 50 anni, con la testa sanguinante, che riferiva di essersi l\u00ec rifugiata poich\u00e9 era stata aggredita dal marito e dal figlio minore. Anche il figlio maggiore, nel tentativo di difendere la madre, \u00e8 stato malmenato da padre e fratello.<\/span><\/span><\/p>\n<div style=\"text-align: justify;\"><\/div>\n<p style=\"text-align: justify;\"><span style=\"font-size: 10pt;\"><span style=\"font-family: verdana,geneva;\">I due aggressori, nel mentre i carabinieri giungevano nel luogo dell&#8217;accaduto, hanno tentato di <strong>occultare le prove della rissa <\/strong>appena avvenuta.<\/span><\/span><\/p>\n<div style=\"text-align: justify;\"><\/div>\n<p style=\"text-align: justify;\"><span style=\"font-size: 10pt;\"><span style=\"font-family: verdana,geneva;\">Gli accertamenti eseguiti dai militari hanno permesso che poco prima l\u2019uomo, rientrato in casa con suo figlio 23enne, per futili motivi, ha afferrato una statua in gesso prelevata dalla camera da letto con la quale ha colpito al capo la moglie, provocandole una ferita profonda. All\u2019aggressione ha assistito il figlio 29enne, che \u00e8 intervenuto in difesa di sua madre. Tale comportamento ha fatto andare in escandescenza l\u2019uomo, che ha prima sferrato calci e pugni all\u2019indirizzo di quest\u2019ultimo, con la complicit\u00e0 del figlio minore e poi lo ha afferrato per il collo nel tentativo di strangolarlo.<\/span><\/span><\/p>\n<div style=\"text-align: justify;\"><\/div>\n<p style=\"text-align: justify;\"><span style=\"font-size: 10pt;\"><span style=\"font-family: verdana,geneva;\">A quel punto madre e figlio aggrediti si sono rifugiati dai vicini da dove hanno potuto chiamare le forze dell&#8217;ordine.<\/span><\/span><\/p>\n<div style=\"text-align: justify;\"><\/div>\n<p style=\"text-align: justify;\"><span style=\"font-size: 10pt;\"><span style=\"font-family: verdana,geneva;\">Questa <strong>non era la prima esperienza di violenza vissuta in quella casa<\/strong>. Per tali motivi si \u00e8 ritenuto necessario trarre entrambi in arresto. Attualmente i due si trovano nel carcere di Bari.<\/span><\/span><\/p>\n<div style=\"text-align: justify;\"><\/div>\n<p style=\"text-align: justify;\"><span style=\"font-size: 10pt;\"><span style=\"font-family: verdana,geneva;\">Madre e figlio, invece, soccorsi prima presso l\u2019ospedale di Putignano e poi presso quello di Monopoli, se la caveranno rispettivamente con 8 e 15 giorni di degenza.<\/span><\/span><\/p>\n<p><img decoding=\"async\" src=\"data:image\/png;base64,iVBORw0KGgoAAAANSUhEUgAAABYAAAAUCAYAAACJfM0wAAAABHNCSVQICAgIfAhkiAAAAAlwSFlzAAAK8AAACvABQqw0mAAAAB90RVh0U29mdHdhcmUATWFjcm9tZWRpYSBGaXJld29ya3MgOLVo0ngAAAAWdEVYdENyZWF0aW9uIFRpbWUAMDQvMDQvMDhrK9wWAAACLklEQVQ4jbXUP0wTcRQH8O\/9ekdjkT8CUqpee00bRyNNmSRSV0PcJJoQg2i6ODTExEUHg04OaNSppqtCjQ4ukDSKSuLUwcm4NNZcQYsIGtD+u\/f7MZSWXltqo\/Ul7\/JL7u7z3r3fLye53e5xj8ejoYWRSCSSstfr1YLBYHcr4XA4rMmMMciy3EoXjDHIjDEoivL\/4fefrP1P3nYEvqzLajOIo8fQz5\/cfH3cnVttCM8udQaODBxQFx44Ye9h4HxvdGWtgMlbSXV2SQoMHf0RNcGSJJlmvPLdos7fdyIWL+D5myx+ZwwUDAIRh2EU1wYRFItA6FwvIjdcGJr4qFYakiSBlTavlABwsJth7mUWmSyBOAfnAkQE4gKccxBx\/MoYmHmcxuH+NgAwGQ03j3NeRjjnoGqcC\/zcIgghAMBkNISJuKlbEy4EaKdoKerC5nNMxQdlgVx+t0siKhYQovwV1rbdtyoNxlhxxoqilBMA0uuES6Pt6NqP2hHsoDarhJuXD2F5NV\/uuJR1T4XLzvTJ25\/VyHUnzgzba0YkKq6pdB4T00m47EyvPhU1M54asy3ee5o55bvwQQWAr\/PHMBfbQGhGrykCANqARZ8asy3+ccYjg\/K3kcF9UQAYvrJ29dmrDUxHlnOxu72P+rpYrq5eFU39K649TCF0tnPB0WdtCt2z48rQHIp+8XTHu9ET7alm0aY6fnFHjda98a\/w3wZjDJLP5xv3+\/1aK+F4PJ7cBm32CUNiyI2GAAAAAElFTkSuQmCC\" style=\"border: medium none; margin: 0px; position: absolute; visibility: visible; color: transparent; z-index: 2147483647; left: 740px; top: 159px;\" id=\"fvdkoff-target-image\" \/><\/p>\n","protected":false},"excerpt":{"rendered":"<p><img loading=\"lazy\" decoding=\"async\" class=\" size-full wp-image-508\" alt=\"ingresso-caserma-cc-turi\" src=\"https:\/\/archivioturi.lavocedelpaese.info\/wp-content\/uploads\/2009\/10\/ingresso-caserma-cc-turi.jpg\" height=\"150\" width=\"320\" \/> <\/p>\n","protected":false},"author":1,"featured_media":508,"comment_status":"open","ping_status":"closed","sticky":false,"template":"","format":"standard","meta":{"colormag_page_container_layout":"default_layout","colormag_page_sidebar_layout":"default_layout","footnotes":""},"categories":[8],"tags":[],"class_list":["post-1122","post","type-post","status-publish","format-standard","has-post-thumbnail","hentry","category-cronaca"],"_links":{"self":[{"href":"https:\/\/archivioturi.lavocedelpaese.info\/index.php\/wp-json\/wp\/v2\/posts\/1122","targetHints":{"allow":["GET"]}}],"collection":[{"href":"https:\/\/archivioturi.lavocedelpaese.info\/index.php\/wp-json\/wp\/v2\/posts"}],"about":[{"href":"https:\/\/archivioturi.lavocedelpaese.info\/index.php\/wp-json\/wp\/v2\/types\/post"}],"author":[{"embeddable":true,"href":"https:\/\/archivioturi.lavocedelpaese.info\/index.php\/wp-json\/wp\/v2\/users\/1"}],"replies":[{"embeddable":true,"href":"https:\/\/archivioturi.lavocedelpaese.info\/index.php\/wp-json\/wp\/v2\/comments?post=1122"}],"version-history":[{"count":0,"href":"https:\/\/archivioturi.lavocedelpaese.info\/index.php\/wp-json\/wp\/v2\/posts\/1122\/revisions"}],"wp:featuredmedia":[{"embeddable":true,"href":"https:\/\/archivioturi.lavocedelpaese.info\/index.php\/wp-json\/wp\/v2\/media\/508"}],"wp:attachment":[{"href":"https:\/\/archivioturi.lavocedelpaese.info\/index.php\/wp-json\/wp\/v2\/media?parent=1122"}],"wp:term":[{"taxonomy":"category","embeddable":true,"href":"https:\/\/archivioturi.lavocedelpaese.info\/index.php\/wp-json\/wp\/v2\/categories?post=1122"},{"taxonomy":"post_tag","embeddable":true,"href":"https:\/\/archivioturi.lavocedelpaese.info\/index.php\/wp-json\/wp\/v2\/tags?post=1122"}],"curies":[{"name":"wp","href":"https:\/\/api.w.org\/{rel}","templated":true}]}}