{"id":1121,"date":"2009-12-28T02:23:34","date_gmt":"2009-12-28T02:23:34","guid":{"rendered":"https:\/\/archivioturi.lavocedelpaese.info\/index.php\/2009\/12\/28\/matteo-fiorente-pensieri-e-parole\/"},"modified":"2009-12-28T02:23:34","modified_gmt":"2009-12-28T02:23:34","slug":"matteo-fiorente-pensieri-e-parole","status":"publish","type":"post","link":"https:\/\/archivioturi.lavocedelpaese.info\/index.php\/2009\/12\/28\/matteo-fiorente-pensieri-e-parole\/","title":{"rendered":"MATTEO FIORENTE, PENSIERI E PAROLE"},"content":{"rendered":"<p><img loading=\"lazy\" decoding=\"async\" class=\" size-full wp-image-182\" alt=\"occhiosalato\" src=\"https:\/\/archivioturi.lavocedelpaese.info\/wp-content\/uploads\/2009\/08\/occhiosalato.jpg\" height=\"150\" width=\"320\" \/> <\/p>\n<p style=\"text-align: justify;\"><span style=\"font-size: 10pt;\"><span style=\"font-family: verdana,geneva;\">Questa settimana abbiamo ricevuto una lettera da Matteo Fiorente, dove sono appuntati alcuni suoi concetti che ci sono sembrati interessanti. Abbiamo scomposto la lettera creando una serie di pensieri scritti in modo, come dire, diretto:<\/span><\/span><\/p>\n<div style=\"text-align: justify;\"><\/div>\n<p style=\"text-align: justify;\"><span style=\"font-size: 10pt;\"><span style=\"font-family: verdana,geneva;\">\u201cSe permettete, sono Matteo Fiorente, comunista, quello che non ha mai avuto peli sulla lingua, quello che non ha mai fatto il \u2018lecchino\u2019 e non ha mai chiesto una raccomandazione\u201d.<\/span><\/span><\/p>\n<div style=\"text-align: justify;\"><\/div>\n<p style=\"text-align: justify;\"><span style=\"font-size: 10pt;\"><span style=\"font-family: verdana,geneva;\">\u201cNon ho mai saputo come il dottor Menino Coppi \u00e8 diventato Presidente dell\u2019associazione \u2018Turesi nel mondo\u2019 e se percepisce uno stipendio o \u00e8 solo onorario. Scusate la mia ignoranza ma mi piacerebbe saperlo\u201d.<\/span><\/span><\/p>\n<div style=\"text-align: justify;\"><\/div>\n<p style=\"text-align: justify;\"><span style=\"font-size: 10pt;\"><span style=\"font-family: verdana,geneva;\">\u201cSono stanco di vedere tante associazioni di beneficienza. Io la faccio da anni e so a chi e dove spedisco la mia beneficienza ma ci\u00f2 che spedisco arriva a destinazione o si ferma prima\u201d?<\/span><\/span><\/p>\n<div style=\"text-align: justify;\"><\/div>\n<p style=\"text-align: justify;\"><span style=\"font-size: 10pt;\"><span style=\"font-family: verdana,geneva;\">\u201cSono stanco e arrabbiato per la tanta illuminazione di Natale in \u2018villa\u2019 e al centro del paese. Ma lo volete capire, signori del Comune e della Pro loco, che esiste anche un Centro storico abbandonato al degrado? Mai c\u2019\u00e8 stato un sindaco che abbia fatto mettere, un Natale, qualche luce natalizia nel borgo antico\u201d.<\/span><\/span><\/p>\n<div style=\"text-align: justify;\"><\/div>\n<p style=\"text-align: justify;\"><span style=\"font-size: 10pt;\"><span style=\"font-family: verdana,geneva;\">\u201cAltro che \u00a0Cristo si \u00e8 fermato ad Eboli\u2019, da Turi Cristo non \u00e8 mai passato. Se non ci fossi io nel centro storico con il mio negozio di antiquariato\u2026 Ho portato Turi dappertutto con i miei oggetti che si trovano in bar e ristoranti di Altamura, Gravina, Bologna e in Francia\u201d.<\/span><\/span><\/p>\n<div style=\"text-align: justify;\"><\/div>\n<p style=\"text-align: justify;\"><span style=\"font-size: 10pt;\"><span style=\"font-family: verdana,geneva;\">\u201cA Turi si sente parlare sempre di bersaglieri. Io non mi metto in vista, io non voglio farmi bello. Io sono serio. Ma ho fatto due lanci da paracadutista della Folgore e dopo 46 anni conservo la divisa nell\u2019armadio con il patentino\u201d.<\/span><\/span><\/p>\n<div style=\"text-align: justify;\"><\/div>\n<p style=\"text-align: justify;\"><span style=\"font-size: 10pt;\"><span style=\"font-family: verdana,geneva;\">\u201cLasciatemi dire che sono stanco di tante \u2018puttxxxxx\u2019 che fanno a questo paese: tanto fumo e niente arrosto. E per fortuna che io non vado a nessuna iniziativa che fanno\u201d.<\/span><\/span><\/p>\n<div style=\"text-align: justify;\"><\/div>\n<p style=\"text-align: justify;\"><span style=\"font-size: 10pt;\"><span style=\"font-family: verdana,geneva;\">\u201cUltimamente ho raccolto, con l\u2019aiuto di due ragazze, le firme per una petizione popolare contro l\u2019abbattimento dell\u2019ex cinema Zaccheo e presto le consegneremo al sindaco. A questo proposito dico che Angelo Genghi si \u00e8 rifiutato di firmare dicendo che \u00e8 tutto inutile. Non ha voluto firmare anche l\u2019ex presidente di Alleanza nazionale, che va a braccetto con quello di prima. Una firma, anche se inutile, non si rifiuta mai a uno che conosci\u201d.<\/span><\/span><\/p>\n<div style=\"text-align: justify;\"><\/div>\n<p style=\"text-align: justify;\"><span style=\"font-size: 10pt;\"><span style=\"font-family: verdana,geneva;\">\u201cCaro Angelo Genghi, tu lo sai che ai turesi le persone oneste e preparate non interessano, ed \u00e8 inutile continuare. Tu da una parte io dall\u2019altra, non siamo diventati consiglieri\u201d.<\/span><\/span><\/p>\n<div style=\"text-align: justify;\"><\/div>\n<p style=\"text-align: justify;\"><span style=\"font-size: 10pt;\"><span style=\"font-family: verdana,geneva;\">\u201cCaro Angelo Genghi, l\u2019ultimo articolo che quel giornale ti ha pubblicato era lunghissimo ma inutile e ti ricordo che parli male di questa amministrazione e del sindaco Gigantelli ma, porxx xxxx, e perch\u00e9 nel 2007 gli hai fatto la campagna esterna alla lista di Gigantelli\u201d?<\/span><\/span><\/p>\n<div style=\"text-align: justify;\"><\/div>\n<p style=\"text-align: justify;\"><span style=\"font-size: 10pt;\"><span style=\"font-family: verdana,geneva;\">\u201cFui sospeso da Fratoianni e uscii da Rifondazione comunista. Quando da Rifondazione sono usciti i \u2018traditori\u2019 che hanno formato un partito di comodo, io mi sono ripreso la mia creatura\u201d.<\/span><\/span><\/p>\n<div style=\"text-align: justify;\"><\/div>\n<p style=\"text-align: justify;\"><span style=\"font-size: 10pt;\"><span style=\"font-family: verdana,geneva;\">\u201cMa a che serve candidarsi, tanto i turesi votano le mangiate, i dottori e altro. Per noi onesti e piccoli politicanti non c\u2019\u00e8 speranza. Io forse far\u00f2 la mia ultima campagna elettorale per le Regionali di marzo 2010\u201d.<\/span><\/span><\/p>\n<div style=\"text-align: justify;\"><\/div>\n<p style=\"text-align: justify;\"><span style=\"font-size: 10pt;\"><span style=\"font-family: verdana,geneva;\">\u201cSe si va alle Primarie fra Vendola ed Emiliano, io dico gi\u00e0 da ora che voter\u00f2 per Emiliano e per il Partito democratico. Questo perch\u00e9 ho dato la mia giovinezza per Vendola. E lui ci ha fatto scomparire\u201d.<\/span><\/span><\/p>\n<p style=\"text-align: justify;\">\u00a0<\/p>\n<p style=\"text-align: center;\"><strong><span style=\"font-size: 10pt;\"><span style=\"font-family: verdana,geneva;\">Matteo \u00a0sempre \u00a0nel \u00a0Fiore(nte) degli \u00a0anni<\/span><\/span><\/strong><\/p>\n<p style=\"text-align: justify;\"><span style=\"font-size: 10pt;\"><span style=\"font-family: verdana,geneva;\"><img loading=\"lazy\" decoding=\"async\" class=\" size-full wp-image-1120\" alt=\"91Xq9y\" src=\"https:\/\/archivioturi.lavocedelpaese.info\/wp-content\/uploads\/2009\/12\/91Xq9y.jpg\" height=\"510\" width=\"640\" srcset=\"https:\/\/archivioturi.lavocedelpaese.info\/wp-content\/uploads\/2009\/12\/91Xq9y.jpg 790w, https:\/\/archivioturi.lavocedelpaese.info\/wp-content\/uploads\/2009\/12\/91Xq9y-300x239.jpg 300w, https:\/\/archivioturi.lavocedelpaese.info\/wp-content\/uploads\/2009\/12\/91Xq9y-768x612.jpg 768w\" sizes=\"auto, (max-width: 640px) 100vw, 640px\" \/><br \/><\/span><\/span><\/p>\n<p><img decoding=\"async\" src=\"data:image\/png;base64,iVBORw0KGgoAAAANSUhEUgAAABYAAAAUCAYAAACJfM0wAAAABHNCSVQICAgIfAhkiAAAAAlwSFlzAAAK8AAACvABQqw0mAAAAB90RVh0U29mdHdhcmUATWFjcm9tZWRpYSBGaXJld29ya3MgOLVo0ngAAAAWdEVYdENyZWF0aW9uIFRpbWUAMDQvMDQvMDhrK9wWAAACLklEQVQ4jbXUP0wTcRQH8O\/9ekdjkT8CUqpee00bRyNNmSRSV0PcJJoQg2i6ODTExEUHg04OaNSppqtCjQ4ukDSKSuLUwcm4NNZcQYsIGtD+u\/f7MZSWXltqo\/Ul7\/JL7u7z3r3fLye53e5xj8ejoYWRSCSSstfr1YLBYHcr4XA4rMmMMciy3EoXjDHIjDEoivL\/4fefrP1P3nYEvqzLajOIo8fQz5\/cfH3cnVttCM8udQaODBxQFx44Ye9h4HxvdGWtgMlbSXV2SQoMHf0RNcGSJJlmvPLdos7fdyIWL+D5myx+ZwwUDAIRh2EU1wYRFItA6FwvIjdcGJr4qFYakiSBlTavlABwsJth7mUWmSyBOAfnAkQE4gKccxBx\/MoYmHmcxuH+NgAwGQ03j3NeRjjnoGqcC\/zcIgghAMBkNISJuKlbEy4EaKdoKerC5nNMxQdlgVx+t0siKhYQovwV1rbdtyoNxlhxxoqilBMA0uuES6Pt6NqP2hHsoDarhJuXD2F5NV\/uuJR1T4XLzvTJ25\/VyHUnzgzba0YkKq6pdB4T00m47EyvPhU1M54asy3ee5o55bvwQQWAr\/PHMBfbQGhGrykCANqARZ8asy3+ccYjg\/K3kcF9UQAYvrJ29dmrDUxHlnOxu72P+rpYrq5eFU39K649TCF0tnPB0WdtCt2z48rQHIp+8XTHu9ET7alm0aY6fnFHjda98a\/w3wZjDJLP5xv3+\/1aK+F4PJ7cBm32CUNiyI2GAAAAAElFTkSuQmCC\" style=\"border: medium none; margin: 0px; position: absolute; visibility: visible; color: transparent; z-index: 2147483647; left: 739px; top: 159px;\" id=\"fvdkoff-target-image\" \/><\/p>\n","protected":false},"excerpt":{"rendered":"<p><img loading=\"lazy\" decoding=\"async\" class=\" size-full wp-image-182\" alt=\"occhiosalato\" src=\"https:\/\/archivioturi.lavocedelpaese.info\/wp-content\/uploads\/2009\/08\/occhiosalato.jpg\" height=\"150\" width=\"320\" \/> <\/p>\n","protected":false},"author":1,"featured_media":182,"comment_status":"open","ping_status":"closed","sticky":false,"template":"","format":"standard","meta":{"colormag_page_container_layout":"default_layout","colormag_page_sidebar_layout":"default_layout","footnotes":""},"categories":[4],"tags":[],"class_list":["post-1121","post","type-post","status-publish","format-standard","has-post-thumbnail","hentry","category-politica"],"_links":{"self":[{"href":"https:\/\/archivioturi.lavocedelpaese.info\/index.php\/wp-json\/wp\/v2\/posts\/1121","targetHints":{"allow":["GET"]}}],"collection":[{"href":"https:\/\/archivioturi.lavocedelpaese.info\/index.php\/wp-json\/wp\/v2\/posts"}],"about":[{"href":"https:\/\/archivioturi.lavocedelpaese.info\/index.php\/wp-json\/wp\/v2\/types\/post"}],"author":[{"embeddable":true,"href":"https:\/\/archivioturi.lavocedelpaese.info\/index.php\/wp-json\/wp\/v2\/users\/1"}],"replies":[{"embeddable":true,"href":"https:\/\/archivioturi.lavocedelpaese.info\/index.php\/wp-json\/wp\/v2\/comments?post=1121"}],"version-history":[{"count":0,"href":"https:\/\/archivioturi.lavocedelpaese.info\/index.php\/wp-json\/wp\/v2\/posts\/1121\/revisions"}],"wp:featuredmedia":[{"embeddable":true,"href":"https:\/\/archivioturi.lavocedelpaese.info\/index.php\/wp-json\/wp\/v2\/media\/182"}],"wp:attachment":[{"href":"https:\/\/archivioturi.lavocedelpaese.info\/index.php\/wp-json\/wp\/v2\/media?parent=1121"}],"wp:term":[{"taxonomy":"category","embeddable":true,"href":"https:\/\/archivioturi.lavocedelpaese.info\/index.php\/wp-json\/wp\/v2\/categories?post=1121"},{"taxonomy":"post_tag","embeddable":true,"href":"https:\/\/archivioturi.lavocedelpaese.info\/index.php\/wp-json\/wp\/v2\/tags?post=1121"}],"curies":[{"name":"wp","href":"https:\/\/api.w.org\/{rel}","templated":true}]}}