{"id":11207,"date":"2013-06-26T17:40:15","date_gmt":"2013-06-26T17:40:15","guid":{"rendered":"https:\/\/archivioturi.lavocedelpaese.info\/index.php\/2013\/06\/26\/premiato-il-resta-professore\/"},"modified":"2013-06-26T17:40:15","modified_gmt":"2013-06-26T17:40:15","slug":"premiato-il-resta-professore","status":"publish","type":"post","link":"https:\/\/archivioturi.lavocedelpaese.info\/index.php\/2013\/06\/26\/premiato-il-resta-professore\/","title":{"rendered":"Premiato il Resta professore"},"content":{"rendered":"<p style=\"text-align: justify;\"><img loading=\"lazy\" decoding=\"async\" class=\" size-full wp-image-3695\" src=\"https:\/\/archivioturi.lavocedelpaese.info\/wp-content\/uploads\/2010\/11\/onofrio-resta-agricoltura-consulta-ciliegia.jpg\" width=\"320\" height=\"151\" alt=\"onofrio-resta-agricoltura-consulta-ciliegia\" style=\"margin: 0px 3px;\" \/><\/p>\n<p style=\"text-align: justify;\">Il sindaco, professor Onofrio Resta ha ricevuto un prestigioso riconoscimento nel corso del Memorial Blasi, organizzato dal medico Eugenio Sabato, a Mesagne (Brindisi). Il premio \u00e8 stato consegnato dall&#8217;American College of Chest Physicians (Accp), una delle pi\u00f9 antiche e importanti associazioni di medici del torace nel mondo. Resta, ordinario nella facolt\u00e0 di Bari e direttore della scuola di specializzazione di pneumologia \u00e8 tra i quattro premiati, assieme alla prof.ssa Maria Pia Foschino Barbaro (ordinaria della facolt\u00e0 di Foggia ), al prof. Serafino Marsico e al prof. Ulivieri (gi\u00e0 ordinario della facolt\u00e0 di Napoli e Parma). L&#8217;evento \u00e8 stato promosso dal dottor De Blasio, international editor della prestigiosa rivista scientifica &#8220;Chest&#8221;, per celebrare il centenario della nascita di Antonio Blasi, illustre pneumologo di San Pietro Vernotico, nonch\u00e9 fondatore della scuola pneumologica italiana ed europea.&nbsp;<\/p>\n","protected":false},"excerpt":{"rendered":"<p style=\"text-align: justify;\"><img loading=\"lazy\" decoding=\"async\" class=\" size-full wp-image-3695\" src=\"https:\/\/archivioturi.lavocedelpaese.info\/wp-content\/uploads\/2010\/11\/onofrio-resta-agricoltura-consulta-ciliegia.jpg\" width=\"320\" height=\"151\" alt=\"onofrio-resta-agricoltura-consulta-ciliegia\" style=\"margin: 0px 3px;\" \/><\/p>\n","protected":false},"author":1,"featured_media":3695,"comment_status":"open","ping_status":"closed","sticky":false,"template":"","format":"standard","meta":{"colormag_page_container_layout":"default_layout","colormag_page_sidebar_layout":"default_layout","footnotes":""},"categories":[7],"tags":[],"class_list":["post-11207","post","type-post","status-publish","format-standard","has-post-thumbnail","hentry","category-attualita"],"_links":{"self":[{"href":"https:\/\/archivioturi.lavocedelpaese.info\/index.php\/wp-json\/wp\/v2\/posts\/11207","targetHints":{"allow":["GET"]}}],"collection":[{"href":"https:\/\/archivioturi.lavocedelpaese.info\/index.php\/wp-json\/wp\/v2\/posts"}],"about":[{"href":"https:\/\/archivioturi.lavocedelpaese.info\/index.php\/wp-json\/wp\/v2\/types\/post"}],"author":[{"embeddable":true,"href":"https:\/\/archivioturi.lavocedelpaese.info\/index.php\/wp-json\/wp\/v2\/users\/1"}],"replies":[{"embeddable":true,"href":"https:\/\/archivioturi.lavocedelpaese.info\/index.php\/wp-json\/wp\/v2\/comments?post=11207"}],"version-history":[{"count":0,"href":"https:\/\/archivioturi.lavocedelpaese.info\/index.php\/wp-json\/wp\/v2\/posts\/11207\/revisions"}],"wp:featuredmedia":[{"embeddable":true,"href":"https:\/\/archivioturi.lavocedelpaese.info\/index.php\/wp-json\/wp\/v2\/media\/3695"}],"wp:attachment":[{"href":"https:\/\/archivioturi.lavocedelpaese.info\/index.php\/wp-json\/wp\/v2\/media?parent=11207"}],"wp:term":[{"taxonomy":"category","embeddable":true,"href":"https:\/\/archivioturi.lavocedelpaese.info\/index.php\/wp-json\/wp\/v2\/categories?post=11207"},{"taxonomy":"post_tag","embeddable":true,"href":"https:\/\/archivioturi.lavocedelpaese.info\/index.php\/wp-json\/wp\/v2\/tags?post=11207"}],"curies":[{"name":"wp","href":"https:\/\/api.w.org\/{rel}","templated":true}]}}