{"id":11176,"date":"2013-06-18T13:18:52","date_gmt":"2013-06-18T13:18:52","guid":{"rendered":"https:\/\/archivioturi.lavocedelpaese.info\/index.php\/2013\/06\/18\/un-arcobaleno-di-emozioni-in-punta-di-pennello\/"},"modified":"2013-06-18T13:18:52","modified_gmt":"2013-06-18T13:18:52","slug":"un-arcobaleno-di-emozioni-in-punta-di-pennello","status":"publish","type":"post","link":"https:\/\/archivioturi.lavocedelpaese.info\/index.php\/2013\/06\/18\/un-arcobaleno-di-emozioni-in-punta-di-pennello\/","title":{"rendered":"\u201cUn arcobaleno di emozioni \u2026 in punta di pennello\u201d"},"content":{"rendered":"<p><img loading=\"lazy\" decoding=\"async\" src=\"http:\/\/farm3.staticflickr.com\/2829\/9064051797_70ffe0d7ee_n.jpg\" alt=\"spettacolo m. t. di Calcutta\" width=\"320\" height=\"240\" \/><\/p>\n<p style=\"text-align: justify;\">Gli alunni della 3A della scuola dell&#8217;infanzia \u201cM.T di Calcutta\u201d, in data 7 giugno, hanno celebrato la fine del loro percorso scolastico della scuola dell&#8217;infanzia, con la rappresentazione \u201cUn arcobaleno di emozioni \u2026 in punta di pennello\u201d incentrata sui temi della multiculturalit\u00e0 e della fratellanza che da sempre contraddistinguono il mondo dell&#8217;arte in cui l&#8217;arcobaleno di colori pi\u00f9 bello \u00e8 quello prodotto dalle mani dei bambini.<\/p>\n<p><img loading=\"lazy\" decoding=\"async\" src=\"http:\/\/farm8.staticflickr.com\/7367\/9064052803_83ef252cc8_n.jpg\" alt=\"spettacolo m. t. di Calcutta\" width=\"320\" height=\"240\" style=\"margin-top: 10px; margin-bottom: 10px; margin-left: 10px; float: right;\" \/><\/p>\n<p style=\"text-align: justify;\">Lo spettacolo si \u00e8 svolto a conclusione di un lungo progetto scolastico incentrato sul tema dell&#8217;arte dove le docenti Alma Tria, Gina Pagliarulo, Lucia Di Fino e Franca Lapertosa hanno coinvolto i propri alunni in una sorta di avventura avvincente ed istruttiva per avvicinare e far appassionare i bambini all\u2019arte, sensibilizzandoli direttamente nel ricreare le forme, i colori e le fantasie di grandi artisti come Monet, Klimt e Modigliani.<\/p>\n<p style=\"text-align: justify;\">In questo lungo percorso artistico il lavoro delle docenti \u00e8 stato affiancato dalla preziosa collaborazione di tre importanti artiste turesi quali: Maria Pamela L&#8217;Abbate, Lucia Brunone e Annarita Rossi.<\/p>\n<p style=\"text-align: justify;\">Nel corso della rappresentazione, caratterizzatasi per i canti, i balli e le recite, \u00e8 emerso un sottile fil-rouge che ha collegato la pratica delle attivit\u00e0 artistiche svolte alle abilit\u00e0 comunicative e allo sviluppo fisico-cognitivo-emotivo dei bambini perfettamente entusiasti del lavoro svolto.<\/p>\n<p style=\"text-align: justify;\">A ringraziare le maestre per quanto realizzato con i ragazzi e il numeroso pubblico intervenuto, il dirigente scolastico che, con parole sentite, ha elogiato gli studenti per lo spettacolo rappresentato e il vicesindaco Mariangela Volpicella che si \u00e8 complimentata con il corpo docente per il grande e significativo lavoro svolto.<\/p>\n<p><img loading=\"lazy\" decoding=\"async\" src=\"http:\/\/farm8.staticflickr.com\/7414\/9064053781_9b35732c7a_n.jpg\" alt=\"spettacolo m. t. di Calcutta\" width=\"320\" height=\"240\" \/><\/p>\n","protected":false},"excerpt":{"rendered":"<p><img loading=\"lazy\" decoding=\"async\" src=\"http:\/\/farm3.staticflickr.com\/2829\/9064051797_70ffe0d7ee_n.jpg\" alt=\"spettacolo m. t. di Calcutta\" width=\"320\" height=\"240\" \/><\/p>\n","protected":false},"author":1,"featured_media":0,"comment_status":"open","ping_status":"closed","sticky":false,"template":"","format":"standard","meta":{"colormag_page_container_layout":"default_layout","colormag_page_sidebar_layout":"default_layout","footnotes":""},"categories":[6],"tags":[],"class_list":["post-11176","post","type-post","status-publish","format-standard","hentry","category-cultura"],"_links":{"self":[{"href":"https:\/\/archivioturi.lavocedelpaese.info\/index.php\/wp-json\/wp\/v2\/posts\/11176","targetHints":{"allow":["GET"]}}],"collection":[{"href":"https:\/\/archivioturi.lavocedelpaese.info\/index.php\/wp-json\/wp\/v2\/posts"}],"about":[{"href":"https:\/\/archivioturi.lavocedelpaese.info\/index.php\/wp-json\/wp\/v2\/types\/post"}],"author":[{"embeddable":true,"href":"https:\/\/archivioturi.lavocedelpaese.info\/index.php\/wp-json\/wp\/v2\/users\/1"}],"replies":[{"embeddable":true,"href":"https:\/\/archivioturi.lavocedelpaese.info\/index.php\/wp-json\/wp\/v2\/comments?post=11176"}],"version-history":[{"count":0,"href":"https:\/\/archivioturi.lavocedelpaese.info\/index.php\/wp-json\/wp\/v2\/posts\/11176\/revisions"}],"wp:attachment":[{"href":"https:\/\/archivioturi.lavocedelpaese.info\/index.php\/wp-json\/wp\/v2\/media?parent=11176"}],"wp:term":[{"taxonomy":"category","embeddable":true,"href":"https:\/\/archivioturi.lavocedelpaese.info\/index.php\/wp-json\/wp\/v2\/categories?post=11176"},{"taxonomy":"post_tag","embeddable":true,"href":"https:\/\/archivioturi.lavocedelpaese.info\/index.php\/wp-json\/wp\/v2\/tags?post=11176"}],"curies":[{"name":"wp","href":"https:\/\/api.w.org\/{rel}","templated":true}]}}