{"id":11175,"date":"2013-06-18T09:09:27","date_gmt":"2013-06-18T09:09:27","guid":{"rendered":"https:\/\/archivioturi.lavocedelpaese.info\/index.php\/2013\/06\/18\/il-segreto-della-felicita\/"},"modified":"2013-06-18T09:09:27","modified_gmt":"2013-06-18T09:09:27","slug":"il-segreto-della-felicita","status":"publish","type":"post","link":"https:\/\/archivioturi.lavocedelpaese.info\/index.php\/2013\/06\/18\/il-segreto-della-felicita\/","title":{"rendered":"Il segreto della felicit\u00e0"},"content":{"rendered":"<p><img loading=\"lazy\" decoding=\"async\" src=\"http:\/\/farm4.staticflickr.com\/3716\/9066232614_75ec067b73_n.jpg\" width=\"320\" height=\"213\" alt=\"il momento finale\" \/><\/p>\n<p style=\"text-align: justify;\">I bambini cinquenni delle sezioni eterogenee 2^a e 2^b della Scuola dell&#8217;Infanzia &#8220;Don Tonino Bello&#8221; si sono esibiti, gioved\u00ec 6 giugno, nella sala Teatro &#8220;Caterina Capobianco&#8221; delle Scuola secondaria di primo grado.<\/p>\n<p style=\"text-align: justify;\">Sotto lo sguardo attento e divertito del Sindaco, dottor Onofrio Resta e degli Assessori Maurizio Coppi e Flavio Tundo, del Preside, prof. Ferdinando Brienza i bambini hanno presentato \u201cUn Arcobaleno di Emozioni\u201d.<\/p>\n<p style=\"text-align: justify;\">Ad applaudirli anche i Vicari per la scuola secondaria di primo grado, i proff. Giacomo Leronni e Rosanna Palmisano, le Vicarie per la Scuola Primaria, le inss. Spada Mariantonietta e Spinelli Viviana e numerose insegnanti della Scuola Primaria e dell\u2019Infanzia, ma soprattutto di genitori e parenti che hanno piacevolmente gremito la sala Teatro dell\u2019Istituto Comprensivo.<\/p>\n<p style=\"text-align: justify;\">Il benvenuto ha avuto la forma insolita e originale di una presentazione curata dalla referente del Progetto e insegnante della sez. 2^B, ins. Patrizia Grande. Cos\u00ec tra una foto e un commento sono state descritte le tappe salienti di un \u201cAnno ricco di emozioni colorate\u201d. I visi, le mani nella tempera, le matite sui fogli ma soprattutto i sorrisi dei bambini impegnati nei tanti laboratori attivati in queste due sezioni del Plesso \u201cDon Tonino Bello\u201d (la didattica laboratoriale \u00e8 infatti, dall\u2019anno scorso, la novit\u00e0 delle sezioni eterogenee del plesso) hanno anticipato lo spettacolo della serata. Con dialoghi, canti e balli i bambini hanno simpaticamente rielaborato l\u2019esperienza del laboratorio lettura, il risultato del lavoro svolto, nel corso dell\u2019anno scolastico, dai bambini cinquenni della sezione 2^A\u2013 guidati dalle insegnanti Giuliana Intini e Isa Pascalicchio &#8211; e dai bambini cinquenni della sezione 2^B, seguiti dall\u2019insegnante Antonella Martinelli e dall\u2019insegnante Grande Patrizia.<\/p>\n<p style=\"text-align: justify;\">Aver scelto la sala teatro della Scuola Secondaria di primo grado come luogo di esibizione non \u00e8 stato casuale. \u00c8 il simbolo, il suggello della trasformazione che, scolasticamente, \u00e8 avvenuta: da circolo didattico a istituto comprensivo. Ora si \u00e8 un unico organismo che attraversa i diversi cicli scolastici e percorre le pi\u00f9 belle tappe dell\u2019esistenza, dai 3 ai 14 anni.<\/p>\n<p style=\"text-align: justify;\">La rappresentazione teatrale \u00e8 stata solo l\u2019ultimo tassello di un mosaico molto pi\u00f9 ampio che ha visto i piccoli alunni cinquenni impegnati nei mesi precedenti. Si \u00e8 scelto infatti, non di prendere un copione anonimo o anche di un illustre personaggio e trasferirlo sulle loro bocche, ma di procedere all\u2019inverso. Di dare sfogo alla loro creativit\u00e0, fantasia, genialit\u00e0 e spirito di iniziativa. I bimbi hanno rappresentato i colori, dietro ogni pennarello, che loro stessi hanno scelto e motivato liberamente durante il laboratorio teatro, si svela un temperamento, un comportamento, un\u2019indole, una personalit\u00e0.<\/p>\n<p style=\"text-align: justify;\">Ottima la coordinazione svolta dalla Fiduciaria per la Scuola dell\u2019Infanzia, insegnante Tina Resta, che ha coinvolto un pubblico divertito, plaudente e interessato fra un canto e un ballo, appositamente scelti attingendo al panorama nazionale e internazionale e non solo didattico. Il tutto condito dall\u2019apporto tecnico del signor Franco Fuiano che ha curato la strumentazione musicale.<\/p>\n<p style=\"text-align: justify;\">Particolarmente emozionante, questa volta per le insegnanti, la graditissima sorpresa organizzata dai genitori della sez. 2^B che hanno mostrato una proiezione realizzata per salutare le insegnanti: frasi, sorrisi, considerazioni di un percorso che si conclude ma non certo si dimentica.<\/p>\n<p style=\"text-align: justify;\">\u201cSogna la tua vita a colori. \u00c8 il segreto della felicit\u00e0\u201d (Walt Disney), questo l\u2019augurio delle insegnanti ai piccoli che spiccano il volo nella Scuola Primaria.<\/p>\n<p><img loading=\"lazy\" decoding=\"async\" src=\"http:\/\/farm8.staticflickr.com\/7317\/9066232320_d24892ccb5_n.jpg\" width=\"320\" height=\"213\" alt=\"l'assessore Tundo, don Giovanni e l'assessore Coppi\" \/><\/p>\n","protected":false},"excerpt":{"rendered":"<p><img loading=\"lazy\" decoding=\"async\" src=\"http:\/\/farm4.staticflickr.com\/3716\/9066232614_75ec067b73_n.jpg\" width=\"320\" height=\"213\" alt=\"il momento finale\" \/><\/p>\n","protected":false},"author":1,"featured_media":0,"comment_status":"open","ping_status":"closed","sticky":false,"template":"","format":"standard","meta":{"colormag_page_container_layout":"default_layout","colormag_page_sidebar_layout":"default_layout","footnotes":""},"categories":[6],"tags":[],"class_list":["post-11175","post","type-post","status-publish","format-standard","hentry","category-cultura"],"_links":{"self":[{"href":"https:\/\/archivioturi.lavocedelpaese.info\/index.php\/wp-json\/wp\/v2\/posts\/11175","targetHints":{"allow":["GET"]}}],"collection":[{"href":"https:\/\/archivioturi.lavocedelpaese.info\/index.php\/wp-json\/wp\/v2\/posts"}],"about":[{"href":"https:\/\/archivioturi.lavocedelpaese.info\/index.php\/wp-json\/wp\/v2\/types\/post"}],"author":[{"embeddable":true,"href":"https:\/\/archivioturi.lavocedelpaese.info\/index.php\/wp-json\/wp\/v2\/users\/1"}],"replies":[{"embeddable":true,"href":"https:\/\/archivioturi.lavocedelpaese.info\/index.php\/wp-json\/wp\/v2\/comments?post=11175"}],"version-history":[{"count":0,"href":"https:\/\/archivioturi.lavocedelpaese.info\/index.php\/wp-json\/wp\/v2\/posts\/11175\/revisions"}],"wp:attachment":[{"href":"https:\/\/archivioturi.lavocedelpaese.info\/index.php\/wp-json\/wp\/v2\/media?parent=11175"}],"wp:term":[{"taxonomy":"category","embeddable":true,"href":"https:\/\/archivioturi.lavocedelpaese.info\/index.php\/wp-json\/wp\/v2\/categories?post=11175"},{"taxonomy":"post_tag","embeddable":true,"href":"https:\/\/archivioturi.lavocedelpaese.info\/index.php\/wp-json\/wp\/v2\/tags?post=11175"}],"curies":[{"name":"wp","href":"https:\/\/api.w.org\/{rel}","templated":true}]}}