{"id":11173,"date":"2013-06-18T07:51:10","date_gmt":"2013-06-18T07:51:10","guid":{"rendered":"https:\/\/archivioturi.lavocedelpaese.info\/index.php\/2013\/06\/18\/larcobaleno-delle-emozioni\/"},"modified":"2013-06-18T07:51:10","modified_gmt":"2013-06-18T07:51:10","slug":"larcobaleno-delle-emozioni","status":"publish","type":"post","link":"https:\/\/archivioturi.lavocedelpaese.info\/index.php\/2013\/06\/18\/larcobaleno-delle-emozioni\/","title":{"rendered":"L\u2019arcobaleno delle emozioni"},"content":{"rendered":"<p><img loading=\"lazy\" decoding=\"async\" src=\"http:\/\/farm4.staticflickr.com\/3723\/9063924005_9aceff74e6_n.jpg\" width=\"320\" height=\"213\" alt=\"San Giovanni Bosco\" \/><\/p>\n<p style=\"text-align: justify;\">Un arcobaleno di colori ha avvolto i tantissimi genitori e parenti nella sala teatro &#8220;Caterina Capobianco&#8221; dell\u2019Istituto Comprensivo \u201cResta \u2013 De Donato Giannini\u201d nella serata del 12 giugno. I bambini cinquenni della Scuola dell\u2019Infanzia \u201cSan Giovanni Bosco\u201d hanno salutato il loro percorso di crescita e le loro maestre con uno spettacolo che li ha visti protagonisti. La loro creativit\u00e0, i loro sogni, le loro idee, sono esplose attraverso la musica, il canto e la danza che ha accompagnato cos\u00ec gli adulti nel magico mondo dei bambini.<\/p>\n<p style=\"text-align: justify;\">Tutto con un fine: mettere in scena la felicit\u00e0 attraverso un arcobaleno di emozioni.<\/p>\n<p style=\"text-align: justify;\">Sotto lo sguardo attento delle loro maestre, del preside, prof. Ferdinando Brienza, del vicesindaco, Mariangela Volpicella, di Don Giovanni Amodio, dei docenti dell\u2019Istituto comprensivo e dei parenti intervenuti, i piccoli bambini che si apprestano ad entrare nel mondo della Scuola Primaria hanno dato vita alla loro vitalit\u00e0 e raccontato cosa fosse per loro la felicit\u00e0. Semplicit\u00e0 e simpatia nelle loro parole, nei gesti e nelle espressioni impiegate che hanno fatto scappare non poche lacrime di emozione sui visi dei genitori che li ammiravano. Vederli su quel palco, farsi piccoli uomini e donne, ormai in grado di pensare, scegliere e camminare da soli ha significato tanto per ognuno di loro. Ecco che mangiare le patatine senza che la mamma li fermi o giocare ai videogiochi o svegliarsi tardi la mattina, rappresentano piccoli vezzi che compongono il meraviglioso mondo dei fanciulli, allo stesso tempo semplice e per loro fantastico. \u00c8 questa la felicit\u00e0. Sarebbe un insegnamento per ogni adulto se fosse in grado di vedere il mondo con gli occhi di un bambino. Accontentarsi ed essere felice delle cose pi\u00f9 semplici, senza cercare la felicit\u00e0 nell\u2019impossibile o nell\u2019imporbabile.<\/p>\n<p style=\"text-align: justify;\">In tutto questo spettacolo, come gli spettacoli delle classi dell\u2019intero Istituto Comprensivo, grande lavoro \u00e8 stato dato dai docenti che per mesi hanno accompagnato la preparazione di ogni studente, dal pi\u00f9 piccolo al pi\u00f9 grande. Impareggiabile la coordinazione dimostrata dalla Fiduciaria per la Scuola dell\u2019Infanzia, insegnante Tina Resta, che ha coinvolto il pubblico nella scoperta dell\u2019incantevole mondo colorato dei bambini.<\/p>\n<p><img loading=\"lazy\" decoding=\"async\" src=\"http:\/\/farm8.staticflickr.com\/7409\/9066151646_ca286fc8e0_n.jpg\" width=\"320\" height=\"213\" alt=\"San Giovanni Bosco\" \/><\/p>\n","protected":false},"excerpt":{"rendered":"<p><img loading=\"lazy\" decoding=\"async\" src=\"http:\/\/farm4.staticflickr.com\/3723\/9063924005_9aceff74e6_n.jpg\" width=\"320\" height=\"213\" alt=\"San Giovanni Bosco\" \/><\/p>\n","protected":false},"author":1,"featured_media":0,"comment_status":"open","ping_status":"closed","sticky":false,"template":"","format":"standard","meta":{"colormag_page_container_layout":"default_layout","colormag_page_sidebar_layout":"default_layout","footnotes":""},"categories":[6],"tags":[],"class_list":["post-11173","post","type-post","status-publish","format-standard","hentry","category-cultura"],"_links":{"self":[{"href":"https:\/\/archivioturi.lavocedelpaese.info\/index.php\/wp-json\/wp\/v2\/posts\/11173","targetHints":{"allow":["GET"]}}],"collection":[{"href":"https:\/\/archivioturi.lavocedelpaese.info\/index.php\/wp-json\/wp\/v2\/posts"}],"about":[{"href":"https:\/\/archivioturi.lavocedelpaese.info\/index.php\/wp-json\/wp\/v2\/types\/post"}],"author":[{"embeddable":true,"href":"https:\/\/archivioturi.lavocedelpaese.info\/index.php\/wp-json\/wp\/v2\/users\/1"}],"replies":[{"embeddable":true,"href":"https:\/\/archivioturi.lavocedelpaese.info\/index.php\/wp-json\/wp\/v2\/comments?post=11173"}],"version-history":[{"count":0,"href":"https:\/\/archivioturi.lavocedelpaese.info\/index.php\/wp-json\/wp\/v2\/posts\/11173\/revisions"}],"wp:attachment":[{"href":"https:\/\/archivioturi.lavocedelpaese.info\/index.php\/wp-json\/wp\/v2\/media?parent=11173"}],"wp:term":[{"taxonomy":"category","embeddable":true,"href":"https:\/\/archivioturi.lavocedelpaese.info\/index.php\/wp-json\/wp\/v2\/categories?post=11173"},{"taxonomy":"post_tag","embeddable":true,"href":"https:\/\/archivioturi.lavocedelpaese.info\/index.php\/wp-json\/wp\/v2\/tags?post=11173"}],"curies":[{"name":"wp","href":"https:\/\/api.w.org\/{rel}","templated":true}]}}