{"id":11172,"date":"2013-06-18T05:43:49","date_gmt":"2013-06-18T05:43:49","guid":{"rendered":"https:\/\/archivioturi.lavocedelpaese.info\/index.php\/2013\/06\/18\/il-fine-della-sagra-e-stato-disatteso\/"},"modified":"2013-06-18T05:43:49","modified_gmt":"2013-06-18T05:43:49","slug":"il-fine-della-sagra-e-stato-disatteso","status":"publish","type":"post","link":"https:\/\/archivioturi.lavocedelpaese.info\/index.php\/2013\/06\/18\/il-fine-della-sagra-e-stato-disatteso\/","title":{"rendered":"\u201cIl fine della sagra \u00e8 stato disatteso\u201d"},"content":{"rendered":"<p><img loading=\"lazy\" decoding=\"async\" src=\"http:\/\/farm9.staticflickr.com\/8385\/8672338651_52eeebc5f5_n.jpg\" width=\"320\" height=\"320\" alt=\"Natalino Ventrella Turi\" \/><\/p>\n<p style=\"text-align: justify;\"><em>\u00c8 l\u2019ora di smettere di criticarsi vicendevomente e di porre veti incrociati. \u00c8 l\u2019ora di smettere di sospettarsi a vicenda come se il dovere di ciascuno fosse quello di pensar male delle intenzioni altrui<\/em>. \u201cPer fortuna che i soldi nulla possono fare per abbattere i propri limiti! Psicologicamente, forse, ma materialmente effettivamente no\u201d.<\/p>\n<p style=\"text-align: justify;\">Per giudicare l\u2019operato dei nostri amminstratori in occasione della sagra della ciliegia Ferrovia, Natalino Ventrella sul suo blog cita una frase di Papa Francesco per poi terminare con un suo commento.<\/p>\n<p style=\"text-align: justify;\">\u201cUna manifestazione che pu\u00f2 essere lodata soltanto per la folla di gente accorsa nei due giorni di sagra. Tutto il resto solo ed esclusivamente falsa propaganda di un successo che soltanto loro continuano a voler enfatizzare anche se sanno benissimo che non \u00e8 cos\u00ec.<\/p>\n<p style=\"text-align: justify;\">A Roma sono stati davvero ridicoli. In piazza Navona c\u2019erano soltanto i nostri amministratori e la Contur Band con pochi altri turisti incuriositi.<\/p>\n<p style=\"text-align: justify;\">Vorrei inoltre capire per quale motivo mi hanno impedito di intervenire in Senato, violando (tanto per cambiare) il patto che avevamo stretto poco prima? Mi aveva contattato pochi minuti prima di entrare in aula la segretaria dell\u2019on. Lettieri, chiedendomi di non mettere in scaletta due presentazioni dello stesso prodotto, bens\u00ec un\u2019unico intervento: i nostri amministratori ed anche io che da anni continuo a portare avanti un progetto per aumentare la produttivit\u00e0 dell\u2019oro rosso e la sua rintracciabilit\u00e0 a vantaggio della nostra terra. Invece questo non \u00e8 avvenuto. Hanno voluto fare tutto loro, sbagliando e ridicolizzandosi, senza, per giunta, proporre alucna iniziativa per la salvaguardia della nostra competitivit\u00e0. Che cosa importa ai senatori della sagra delle ciliegie di Turi e del gusto inimitabile del nostro prodotto? Solo maniaca voglia di protagonismo da parte dei soliti noti che pur di apparire in televisione sono disposti a tutto, anche a fare figuracce come in questa occasione.<\/p>\n<p style=\"text-align: justify;\"><strong>La sagra ha registrato un successo enorme durante i due giorni. Una grande vetrina che ha permesso a Turi di aprire le porte della sua economia a tanta gente.<\/strong><\/p>\n<p style=\"text-align: justify;\">\u201cIl successo non \u00e8 riempire le strade di persone. Non mi risulta che gli anni scorsi ci sia stata meno gente. Perch\u00e8 invece non parlano di progetti per aumentare il guadagno dei produttori? La sagra non deve essere paragonata a una festa, ad un matrimonio. Una sagra deve essere un enorme possibilit\u00e0 di aumentare i guadagni e questo non \u00e8 avvenuto. Il prezzo di vendita del prodotto \u00e8 sempre lo stesso e non vedo alcun tipo di prospettiva allettante all\u2019orizzonte. I nostri amministratori cosa vogliono sentirsi dire? Che sono stati bravi ad organizzare una festa? E a cosa serve un encomio del genere? Per caso devono presentare un loro curriculum a qualche agenzia di organizzazione di eventi? Sono stati bravi indubbiamente, ma lo sono stati anche i loro predecessori. Il fine ultimo della sagra per\u00f2 \u00e8 stato completamente disatteso. \u00c8 questa l\u2019amara constatazione di quanto avvenuto\u201d.<\/p>\n","protected":false},"excerpt":{"rendered":"<p><img loading=\"lazy\" decoding=\"async\" src=\"http:\/\/farm9.staticflickr.com\/8385\/8672338651_52eeebc5f5_n.jpg\" width=\"320\" height=\"320\" alt=\"Natalino Ventrella Turi\" \/><\/p>\n","protected":false},"author":1,"featured_media":0,"comment_status":"open","ping_status":"closed","sticky":false,"template":"","format":"standard","meta":{"colormag_page_container_layout":"default_layout","colormag_page_sidebar_layout":"default_layout","footnotes":""},"categories":[4],"tags":[],"class_list":["post-11172","post","type-post","status-publish","format-standard","hentry","category-politica"],"_links":{"self":[{"href":"https:\/\/archivioturi.lavocedelpaese.info\/index.php\/wp-json\/wp\/v2\/posts\/11172","targetHints":{"allow":["GET"]}}],"collection":[{"href":"https:\/\/archivioturi.lavocedelpaese.info\/index.php\/wp-json\/wp\/v2\/posts"}],"about":[{"href":"https:\/\/archivioturi.lavocedelpaese.info\/index.php\/wp-json\/wp\/v2\/types\/post"}],"author":[{"embeddable":true,"href":"https:\/\/archivioturi.lavocedelpaese.info\/index.php\/wp-json\/wp\/v2\/users\/1"}],"replies":[{"embeddable":true,"href":"https:\/\/archivioturi.lavocedelpaese.info\/index.php\/wp-json\/wp\/v2\/comments?post=11172"}],"version-history":[{"count":0,"href":"https:\/\/archivioturi.lavocedelpaese.info\/index.php\/wp-json\/wp\/v2\/posts\/11172\/revisions"}],"wp:attachment":[{"href":"https:\/\/archivioturi.lavocedelpaese.info\/index.php\/wp-json\/wp\/v2\/media?parent=11172"}],"wp:term":[{"taxonomy":"category","embeddable":true,"href":"https:\/\/archivioturi.lavocedelpaese.info\/index.php\/wp-json\/wp\/v2\/categories?post=11172"},{"taxonomy":"post_tag","embeddable":true,"href":"https:\/\/archivioturi.lavocedelpaese.info\/index.php\/wp-json\/wp\/v2\/tags?post=11172"}],"curies":[{"name":"wp","href":"https:\/\/api.w.org\/{rel}","templated":true}]}}