{"id":11148,"date":"2013-06-12T08:23:27","date_gmt":"2013-06-12T08:23:27","guid":{"rendered":"https:\/\/archivioturi.lavocedelpaese.info\/index.php\/2013\/06\/12\/il-tempo-scuola-divide-i-genitori\/"},"modified":"2013-06-12T08:23:27","modified_gmt":"2013-06-12T08:23:27","slug":"il-tempo-scuola-divide-i-genitori","status":"publish","type":"post","link":"https:\/\/archivioturi.lavocedelpaese.info\/index.php\/2013\/06\/12\/il-tempo-scuola-divide-i-genitori\/","title":{"rendered":"Il tempo scuola divide i genitori"},"content":{"rendered":"<p style=\"text-align: justify;\"><img loading=\"lazy\" decoding=\"async\" class=\" size-full wp-image-8909\" src=\"https:\/\/archivioturi.lavocedelpaese.info\/wp-content\/uploads\/2012\/05\/scuola.JPG\" width=\"320\" height=\"150\" alt=\"scuola\" style=\"margin: 0px 3px;\" srcset=\"https:\/\/archivioturi.lavocedelpaese.info\/wp-content\/uploads\/2012\/05\/scuola.JPG 640w, https:\/\/archivioturi.lavocedelpaese.info\/wp-content\/uploads\/2012\/05\/scuola-300x141.jpg 300w\" sizes=\"auto, (max-width: 320px) 100vw, 320px\" \/><\/p>\n<p style=\"text-align: justify;\">Avere due o pi\u00f9 figli che frequentano due ordini scolastici differenti dello stesso Istituto ed essere soggetti a differenti tempi settimanali ostacolando la gestione delle attivit\u00e0 familiari e gravano sul bilancio della famiglia. \u00c8 questo il problema di una parte di genitori di studenti della scuola media che ha esposto sin dall\u2019inizio dello scorso mese di maggio una denuncia agli organi scolastici sul \u201ctempo scuola\u201d previsto per il prossimo anno dall\u2019Istituto Comprensivo. Per capire il problema \u00e8 necessario spiegare che la sola scuola media non la ha tanto discussa \u201csettimana corta\u201d, argomento che i nostri lettori ricorderanno per aver animato le pagine del nostro settimanale e del nostro sito nei precedenti anni.<\/p>\n<p style=\"text-align: justify;\">\u201cIl 30 maggio 2013 si \u00e8 riunito il consiglio d\u2019istituto durante il quale il presidente Susca ha introdotto l\u2019argomento leggendo una lettera che circa 80 genitori hanno sottoscritto e indirizzata al Preside (prot.n 3105 del 17 maggio 2013)\u201d \u2013 ci introduce la portavoce dei genitori firmatari della proposta.<\/p>\n<p style=\"text-align: justify;\">\u201cNella lettera \u2013 continua &#8211; si faceva espressa richiesta di scegliere un unico \u201ctempo scuola\u201d per l\u2019anno 2013\/\u201914 dell\u2019intero Istituto Comprensivo\u201d. \u201cIl preside Prof. Brienza, adducendo motivazioni di tipo tecnico-organizzativo del corpo docenti e non, manifestava motivazioni legittime, ma discutibili di impossibilit\u00e0 di applicare tale uniformit\u00e0 di tempi.\u201d.<\/p>\n<p style=\"text-align: justify;\">\u201cMosso da grande senso di trasparenza e democrazia \u2013 puntualizza il genitore &#8211; il presidente Susca ha proposto all\u2019intero consiglio di incontrare una delegazione di genitori e raggiungere un\u2019intesa tra scuola e famiglia, ascoltare le esigenze e le motivazioni di tale richiesta da parte degli scriventi, cercare comunque un punto in comune per la serena risoluzione al problema\u201d. Dopo una discussione e l\u2019intervento di alcuni consiglieri della componente genitori che hanno espresso motivazioni molto personali per respingere la proposta e del corpo docenti che ha confermato di volersi attenere alle sole voci degli 8 rappresentati dei genitori l\u00ec presenti, volont\u00e0 di 1200 famiglie e 2400 genitori, \u00e8 stato messo ai voti e bocciata la proposta di un monitoraggio sulle famiglie richiesta dal presidente Susca. In tal modo la domanda di 79 genitori, sulle 1200 famiglie dell\u2019Istituto Comprensivo \u00e8 stata taciuta per un disinteresse da parte dei presenti. \u201cSegnalo \u2013 prosegue il genitore puntando il dito &#8211; che in altri paesi limitrofi al nostro, i Dirigenti Scolastici dei neo Istituti Comprensivi hanno monitorato le varie situazioni e opinioni mandando a casa di ogni singola famiglia un questionario con il quale si chiedeva il parere al riguardo del delicato tema del \u201ctempo scuola\u201d. La domanda che ci poniamo, noi circa 79 genitori (per loro pochi??) che hanno sottoscritto l\u2019istanza presentata al Preside Brienza \u201c quando inizia e quando finisce la democrazia?\u201d.<\/p>\n<p style=\"text-align: justify;\">Dopo una simile esperienza, terminano i genitori &#8211; \u201cesprimiamo tutti il nostro pi\u00f9 grande rammarico per la leggerezza con la quale i gentili rappresentanti dei genitori non ci hanno rappresentato\u201d. \u201cLa nostra voce non si fermer\u00e0 \u2013 chiudono \u2013 e andremo avanti soprattutto per capire se \u00e8 possibile avere un Istituto Comprensivo gestito diversamente per i tre ordini. Chiss\u00e0 cosa direbbe il Provveditore agli Studi o il Direttore Generale se sapesse che il nostro Istituto Comprensivo \u00e8 gestito diversamente per i tre ordini, con la piena approvazione del Collegio docenti, Consiglio d\u2019istituto e soprattutto il Preside\u201d.<\/p>\n","protected":false},"excerpt":{"rendered":"<p style=\"text-align: justify;\"><img loading=\"lazy\" decoding=\"async\" class=\" size-full wp-image-8909\" src=\"https:\/\/archivioturi.lavocedelpaese.info\/wp-content\/uploads\/2012\/05\/scuola.JPG\" width=\"320\" height=\"150\" alt=\"scuola\" style=\"margin: 0px 3px;\" srcset=\"https:\/\/archivioturi.lavocedelpaese.info\/wp-content\/uploads\/2012\/05\/scuola.JPG 640w, https:\/\/archivioturi.lavocedelpaese.info\/wp-content\/uploads\/2012\/05\/scuola-300x141.jpg 300w\" sizes=\"auto, (max-width: 320px) 100vw, 320px\" \/><\/p>\n","protected":false},"author":1,"featured_media":8909,"comment_status":"open","ping_status":"closed","sticky":false,"template":"","format":"standard","meta":{"colormag_page_container_layout":"default_layout","colormag_page_sidebar_layout":"default_layout","footnotes":""},"categories":[7],"tags":[],"class_list":["post-11148","post","type-post","status-publish","format-standard","has-post-thumbnail","hentry","category-attualita"],"_links":{"self":[{"href":"https:\/\/archivioturi.lavocedelpaese.info\/index.php\/wp-json\/wp\/v2\/posts\/11148","targetHints":{"allow":["GET"]}}],"collection":[{"href":"https:\/\/archivioturi.lavocedelpaese.info\/index.php\/wp-json\/wp\/v2\/posts"}],"about":[{"href":"https:\/\/archivioturi.lavocedelpaese.info\/index.php\/wp-json\/wp\/v2\/types\/post"}],"author":[{"embeddable":true,"href":"https:\/\/archivioturi.lavocedelpaese.info\/index.php\/wp-json\/wp\/v2\/users\/1"}],"replies":[{"embeddable":true,"href":"https:\/\/archivioturi.lavocedelpaese.info\/index.php\/wp-json\/wp\/v2\/comments?post=11148"}],"version-history":[{"count":0,"href":"https:\/\/archivioturi.lavocedelpaese.info\/index.php\/wp-json\/wp\/v2\/posts\/11148\/revisions"}],"wp:featuredmedia":[{"embeddable":true,"href":"https:\/\/archivioturi.lavocedelpaese.info\/index.php\/wp-json\/wp\/v2\/media\/8909"}],"wp:attachment":[{"href":"https:\/\/archivioturi.lavocedelpaese.info\/index.php\/wp-json\/wp\/v2\/media?parent=11148"}],"wp:term":[{"taxonomy":"category","embeddable":true,"href":"https:\/\/archivioturi.lavocedelpaese.info\/index.php\/wp-json\/wp\/v2\/categories?post=11148"},{"taxonomy":"post_tag","embeddable":true,"href":"https:\/\/archivioturi.lavocedelpaese.info\/index.php\/wp-json\/wp\/v2\/tags?post=11148"}],"curies":[{"name":"wp","href":"https:\/\/api.w.org\/{rel}","templated":true}]}}