{"id":11147,"date":"2013-06-11T17:20:32","date_gmt":"2013-06-11T17:20:32","guid":{"rendered":"https:\/\/archivioturi.lavocedelpaese.info\/index.php\/2013\/06\/11\/un-tuffo-negli-anni-70\/"},"modified":"2013-06-11T17:20:32","modified_gmt":"2013-06-11T17:20:32","slug":"un-tuffo-negli-anni-70","status":"publish","type":"post","link":"https:\/\/archivioturi.lavocedelpaese.info\/index.php\/2013\/06\/11\/un-tuffo-negli-anni-70\/","title":{"rendered":"Un tuffo negli anni \u201870"},"content":{"rendered":"<p><img loading=\"lazy\" decoding=\"async\" src=\"http:\/\/farm3.staticflickr.com\/2852\/9005118368_f53ed7c3e7_n.jpg\" width=\"320\" height=\"213\" alt=\"IMG_4237\" \/><\/p>\n<p style=\"text-align: justify;\">I magici anni \u201970 hanno fatto da padroni nella manifestazione organizzata dalle classi quarte per la chiusura dell\u2019anno scolastico. Alcuni studenti si sono improvvisati attori presentando l\u2019evoluzione della musica rock nel mondo, creando cos\u00ec una voce guida durante tutta la rappresentazione; altri invece hanno ballato sotto le travolgenti note di quegli anni, mentre un gruppo di ragazzi delle scuole elementari e medie, hanno mostrato le proprie doti canore intonando i pezzi musicali che spopolavano in Italia in quel periodo, come quelli di &nbsp;Lucio Battisti, dei Ricchi e Poveri sino ad arrivare a quelli dei grandi artisti internazionali come i Beatles, gli Abba.<\/p>\n<p style=\"text-align: justify;\">Hanno assistito allo spettacolo i bambini delle scuole elementari con i loro docenti. Tutto ci\u00f2 ha rappresentato sicuramente una scoperta per i pi\u00f9 piccoli, in quanto gli \u00e8 stato permesso di conoscere un periodo cos\u00ec lontano temporalmente da loro, ma che ha segnato indelebilmente la storia della musica.<\/p>\n<p style=\"text-align: justify;\">Si \u00e8 creato un clima di festa e serenit\u00e0, sfociato soprattutto nella parte finale, quando sono partite le note di \u201cYMCA\u201d dei Village People: i piccoli spettatori, i docenti e il dirigente scolastico si sono lasciati andare ballando il celebre pezzo. &nbsp;<\/p>\n<p style=\"text-align: justify;\">Lo spettacolo sar\u00e0 riproposto al pubblico venerd\u00ec sera nella piazzetta adiacente al monumento dei caduti.<\/p>\n","protected":false},"excerpt":{"rendered":"<p><img loading=\"lazy\" decoding=\"async\" src=\"http:\/\/farm3.staticflickr.com\/2852\/9005118368_f53ed7c3e7_n.jpg\" width=\"320\" height=\"213\" alt=\"IMG_4237\" \/><\/p>\n","protected":false},"author":1,"featured_media":0,"comment_status":"open","ping_status":"closed","sticky":false,"template":"","format":"standard","meta":{"colormag_page_container_layout":"default_layout","colormag_page_sidebar_layout":"default_layout","footnotes":""},"categories":[6],"tags":[],"class_list":["post-11147","post","type-post","status-publish","format-standard","hentry","category-cultura"],"_links":{"self":[{"href":"https:\/\/archivioturi.lavocedelpaese.info\/index.php\/wp-json\/wp\/v2\/posts\/11147","targetHints":{"allow":["GET"]}}],"collection":[{"href":"https:\/\/archivioturi.lavocedelpaese.info\/index.php\/wp-json\/wp\/v2\/posts"}],"about":[{"href":"https:\/\/archivioturi.lavocedelpaese.info\/index.php\/wp-json\/wp\/v2\/types\/post"}],"author":[{"embeddable":true,"href":"https:\/\/archivioturi.lavocedelpaese.info\/index.php\/wp-json\/wp\/v2\/users\/1"}],"replies":[{"embeddable":true,"href":"https:\/\/archivioturi.lavocedelpaese.info\/index.php\/wp-json\/wp\/v2\/comments?post=11147"}],"version-history":[{"count":0,"href":"https:\/\/archivioturi.lavocedelpaese.info\/index.php\/wp-json\/wp\/v2\/posts\/11147\/revisions"}],"wp:attachment":[{"href":"https:\/\/archivioturi.lavocedelpaese.info\/index.php\/wp-json\/wp\/v2\/media?parent=11147"}],"wp:term":[{"taxonomy":"category","embeddable":true,"href":"https:\/\/archivioturi.lavocedelpaese.info\/index.php\/wp-json\/wp\/v2\/categories?post=11147"},{"taxonomy":"post_tag","embeddable":true,"href":"https:\/\/archivioturi.lavocedelpaese.info\/index.php\/wp-json\/wp\/v2\/tags?post=11147"}],"curies":[{"name":"wp","href":"https:\/\/api.w.org\/{rel}","templated":true}]}}