{"id":11134,"date":"2013-06-04T09:54:14","date_gmt":"2013-06-04T09:54:14","guid":{"rendered":"https:\/\/archivioturi.lavocedelpaese.info\/index.php\/2013\/06\/04\/incidente-mortale-quattro-turesi-feriti\/"},"modified":"2013-06-04T09:54:14","modified_gmt":"2013-06-04T09:54:14","slug":"incidente-mortale-quattro-turesi-feriti","status":"publish","type":"post","link":"https:\/\/archivioturi.lavocedelpaese.info\/index.php\/2013\/06\/04\/incidente-mortale-quattro-turesi-feriti\/","title":{"rendered":"Incidente mortale: quattro turesi feriti"},"content":{"rendered":"<p><img loading=\"lazy\" decoding=\"async\" src=\"http:\/\/farm8.staticflickr.com\/7334\/8941294569_3e3600333d_z.jpg\" width=\"320\" height=\"214\" alt=\"IMG_4260\" \/><\/p>\n<p>&nbsp;<\/p>\n<p>&nbsp;<\/p>\n<p>&nbsp;<\/p>\n<p style=\"text-align: justify;\">Turi &#8211; Un gravissimo incidente si \u00e8 verificato ieri sera intorno alle ore 22 sulla strada statale 172 nel tratto tra Turi e Casamassima. Il bilancio \u00e8 di un morto e quattro feriti. Non ce l&#8217;ha fatta il quarantenne Francesco Dambruoso di Casamassima che nello schianto frontale della sua Volkswagen Polo con una Ford Focus station wagon \u00e8 morto sul colpo. Nell&#8217;altra auto viaggiavano quattro giovani ventenni di Turi che hanno riportato diverse ferite e fratture. Tre sono stati ricoverati presso l&#8217;ospedale &#8220;Miulli&#8221; di Acquaviva delle Fonti, mentre il quarto \u00e8 stato trasportato al &#8220;Di Venere&#8221; di Carbonara. L&#8217;incidente \u00e8 avvenuto a pochi chilometri da Casamassima e il tratto di strada \u00e8 rimasto chiuso per diverse ore per permettere ai soccorritori di operare e medicare i feriti. Sul luogo dell&#8217;incidente sono intervenute diverse ambulanze, i vigili del fuoco e i carabinieri della stazione di Casamassima. La dinamica dell&#8217;incidente \u00e8 ancora al vaglio delle autorit\u00e0 giudiziare, ma da una prima ricostruzione sembra che alla base ci sia un sorpasso azzardato. L&#8217;impatto tra le due auto \u00e8 stato cos\u00ec violento che la Polo \u00e8 finita a qualche metro dalla carreggiata in un fondo agricolo. Le due automobili sono rimaste distrutte. I rilievi sono stati eseguiti dai carabinieri.&nbsp;<\/p>\n<p><object width=\"640\" height=\"480\"><param name=\"flashvars\" value=\"offsite=true&amp;lang=it-it&amp;page_show_url=%2Fphotos%2F91470992%40N02%2Fsets%2F72157633911947794%2Fshow%2F&amp;page_show_back_url=%2Fphotos%2F91470992%40N02%2Fsets%2F72157633911947794%2F&amp;set_id=72157633911947794&amp;jump_to=\" \/><param name=\"movie\" value=\"http:\/\/www.flickr.com\/apps\/slideshow\/show.swf?v=124984\" \/><param name=\"allowFullScreen\" value=\"true\" \/><embed type=\"application\/x-shockwave-flash\" src=\"http:\/\/www.flickr.com\/apps\/slideshow\/show.swf?v=124984\" allowfullscreen=\"true\" flashvars=\"offsite=true&amp;lang=it-it&amp;page_show_url=%2Fphotos%2F91470992%40N02%2Fsets%2F72157633911947794%2Fshow%2F&amp;page_show_back_url=%2Fphotos%2F91470992%40N02%2Fsets%2F72157633911947794%2F&amp;set_id=72157633911947794&amp;jump_to=\" width=\"640\" height=\"480\" \/><\/object><\/p>\n","protected":false},"excerpt":{"rendered":"<p><img loading=\"lazy\" decoding=\"async\" src=\"http:\/\/farm8.staticflickr.com\/7334\/8941294569_3e3600333d_z.jpg\" width=\"320\" height=\"214\" alt=\"IMG_4260\" \/><\/p>\n<p>&nbsp;<\/p>\n<p>&nbsp;<\/p>\n","protected":false},"author":1,"featured_media":0,"comment_status":"open","ping_status":"closed","sticky":false,"template":"","format":"standard","meta":{"colormag_page_container_layout":"default_layout","colormag_page_sidebar_layout":"default_layout","footnotes":""},"categories":[8],"tags":[],"class_list":["post-11134","post","type-post","status-publish","format-standard","hentry","category-cronaca"],"_links":{"self":[{"href":"https:\/\/archivioturi.lavocedelpaese.info\/index.php\/wp-json\/wp\/v2\/posts\/11134","targetHints":{"allow":["GET"]}}],"collection":[{"href":"https:\/\/archivioturi.lavocedelpaese.info\/index.php\/wp-json\/wp\/v2\/posts"}],"about":[{"href":"https:\/\/archivioturi.lavocedelpaese.info\/index.php\/wp-json\/wp\/v2\/types\/post"}],"author":[{"embeddable":true,"href":"https:\/\/archivioturi.lavocedelpaese.info\/index.php\/wp-json\/wp\/v2\/users\/1"}],"replies":[{"embeddable":true,"href":"https:\/\/archivioturi.lavocedelpaese.info\/index.php\/wp-json\/wp\/v2\/comments?post=11134"}],"version-history":[{"count":0,"href":"https:\/\/archivioturi.lavocedelpaese.info\/index.php\/wp-json\/wp\/v2\/posts\/11134\/revisions"}],"wp:attachment":[{"href":"https:\/\/archivioturi.lavocedelpaese.info\/index.php\/wp-json\/wp\/v2\/media?parent=11134"}],"wp:term":[{"taxonomy":"category","embeddable":true,"href":"https:\/\/archivioturi.lavocedelpaese.info\/index.php\/wp-json\/wp\/v2\/categories?post=11134"},{"taxonomy":"post_tag","embeddable":true,"href":"https:\/\/archivioturi.lavocedelpaese.info\/index.php\/wp-json\/wp\/v2\/tags?post=11134"}],"curies":[{"name":"wp","href":"https:\/\/api.w.org\/{rel}","templated":true}]}}