{"id":11122,"date":"2013-06-05T09:28:25","date_gmt":"2013-06-05T09:28:25","guid":{"rendered":"https:\/\/archivioturi.lavocedelpaese.info\/index.php\/2013\/06\/05\/piano-urbano-di-segnalamento-gli-indirizzi\/"},"modified":"2013-06-05T09:28:25","modified_gmt":"2013-06-05T09:28:25","slug":"piano-urbano-di-segnalamento-gli-indirizzi","status":"publish","type":"post","link":"https:\/\/archivioturi.lavocedelpaese.info\/index.php\/2013\/06\/05\/piano-urbano-di-segnalamento-gli-indirizzi\/","title":{"rendered":"Piano Urbano di Segnalamento: gli indirizzi"},"content":{"rendered":"<p style=\"text-align: justify;\"><img loading=\"lazy\" decoding=\"async\" class=\" size-full wp-image-11121\" src=\"https:\/\/archivioturi.lavocedelpaese.info\/wp-content\/uploads\/2013\/06\/municipio.JPG\" width=\"320\" height=\"151\" alt=\"municipio\" style=\"margin: 0px 3px;\" srcset=\"https:\/\/archivioturi.lavocedelpaese.info\/wp-content\/uploads\/2013\/06\/municipio.JPG 640w, https:\/\/archivioturi.lavocedelpaese.info\/wp-content\/uploads\/2013\/06\/municipio-300x141.jpg 300w\" sizes=\"auto, (max-width: 320px) 100vw, 320px\" \/><\/p>\n<p style=\"text-align: justify;\">La giunta comunale, con delibera n 76, ha definito i criteri per la redazione del Piano Urbano di segnalamento con la classificazione delle strade comunali, l\u2019individuazione di percorsi per i mezzi pesanti (sup. a 35 q.), che non interessino il centro abitato, l\u2019individuazione di zone di sosta a pagamento per sfavorire la sosta prolungata e incentivare l\u2019utilizzo di mezzi alternativi ai veicoli a motore, l\u2019individuazione di Zone ZTL, Zone 30 e Aree Pedonali per rendere maggiormente sicuri i cittadini \u2013 utenti deboli della strada nel centro storico e in altre zone del centro urbano, l\u2019individuazione di piste ciclabili in sede propria e\/o in sede promiscua, che colleghino gli edifici pubblici, le scuole e la stazione ferroviaria e l\u2019individuazione di zone carico e scarico legate alle reali esigenze economiche del territorio.<\/p>\n<p style=\"text-align: justify;\">Inoltre ha indicato le fonti di finanziamento degli interventi nei proventi contravvenzionali, specificando nel 20% degli stessi la quota minima da destinare ogni anno alla attuazione del piano urbano di segnalamento, e in altre risorse che si andranno in seguito ad individuare. Si \u00e8 previsto che la realizzazione del piano avverr\u00e0 in un periodo temporale di almeno quattro &#8211; sei anni e, prima che venga approvato, sar\u00e0 sottoposto all\u2019attenzione della cittadinanza, anche invitando i rappresentanti delle categorie economiche e i rappresentanti dei cittadini dei diversi quartieri (nel massimo di 20 persone da selezionare con i modi che si andranno a definire in seguito) ai quali verr\u00e0 data possibilit\u00e0 di proporre eventuali modifiche, da sottoporre al vaglio del redattore del piano e degli organi tecnici di questo ente.<\/p>\n","protected":false},"excerpt":{"rendered":"<p style=\"text-align: justify;\"><img loading=\"lazy\" decoding=\"async\" class=\" size-full wp-image-11121\" src=\"https:\/\/archivioturi.lavocedelpaese.info\/wp-content\/uploads\/2013\/06\/municipio.JPG\" width=\"320\" height=\"151\" alt=\"municipio\" style=\"margin: 0px 3px;\" srcset=\"https:\/\/archivioturi.lavocedelpaese.info\/wp-content\/uploads\/2013\/06\/municipio.JPG 640w, https:\/\/archivioturi.lavocedelpaese.info\/wp-content\/uploads\/2013\/06\/municipio-300x141.jpg 300w\" sizes=\"auto, (max-width: 320px) 100vw, 320px\" \/><\/p>\n","protected":false},"author":1,"featured_media":11121,"comment_status":"open","ping_status":"closed","sticky":false,"template":"","format":"standard","meta":{"colormag_page_container_layout":"default_layout","colormag_page_sidebar_layout":"default_layout","footnotes":""},"categories":[4],"tags":[],"class_list":["post-11122","post","type-post","status-publish","format-standard","has-post-thumbnail","hentry","category-politica"],"_links":{"self":[{"href":"https:\/\/archivioturi.lavocedelpaese.info\/index.php\/wp-json\/wp\/v2\/posts\/11122","targetHints":{"allow":["GET"]}}],"collection":[{"href":"https:\/\/archivioturi.lavocedelpaese.info\/index.php\/wp-json\/wp\/v2\/posts"}],"about":[{"href":"https:\/\/archivioturi.lavocedelpaese.info\/index.php\/wp-json\/wp\/v2\/types\/post"}],"author":[{"embeddable":true,"href":"https:\/\/archivioturi.lavocedelpaese.info\/index.php\/wp-json\/wp\/v2\/users\/1"}],"replies":[{"embeddable":true,"href":"https:\/\/archivioturi.lavocedelpaese.info\/index.php\/wp-json\/wp\/v2\/comments?post=11122"}],"version-history":[{"count":0,"href":"https:\/\/archivioturi.lavocedelpaese.info\/index.php\/wp-json\/wp\/v2\/posts\/11122\/revisions"}],"wp:featuredmedia":[{"embeddable":true,"href":"https:\/\/archivioturi.lavocedelpaese.info\/index.php\/wp-json\/wp\/v2\/media\/11121"}],"wp:attachment":[{"href":"https:\/\/archivioturi.lavocedelpaese.info\/index.php\/wp-json\/wp\/v2\/media?parent=11122"}],"wp:term":[{"taxonomy":"category","embeddable":true,"href":"https:\/\/archivioturi.lavocedelpaese.info\/index.php\/wp-json\/wp\/v2\/categories?post=11122"},{"taxonomy":"post_tag","embeddable":true,"href":"https:\/\/archivioturi.lavocedelpaese.info\/index.php\/wp-json\/wp\/v2\/tags?post=11122"}],"curies":[{"name":"wp","href":"https:\/\/api.w.org\/{rel}","templated":true}]}}