{"id":11119,"date":"2013-06-03T17:25:17","date_gmt":"2013-06-03T17:25:17","guid":{"rendered":"https:\/\/archivioturi.lavocedelpaese.info\/index.php\/2013\/06\/03\/casulli-e-i-suoi-100km-del-passatore\/"},"modified":"2013-06-03T17:25:17","modified_gmt":"2013-06-03T17:25:17","slug":"casulli-e-i-suoi-100km-del-passatore","status":"publish","type":"post","link":"https:\/\/archivioturi.lavocedelpaese.info\/index.php\/2013\/06\/03\/casulli-e-i-suoi-100km-del-passatore\/","title":{"rendered":"Casulli e i suoi 100km del Passatore"},"content":{"rendered":"<p><img loading=\"lazy\" decoding=\"async\" src=\"http:\/\/farm4.staticflickr.com\/3755\/8933758505_7f789877d2_n.jpg\" width=\"320\" height=\"200\" alt=\"casulli\" \/><\/p>\n<p style=\"text-align: justify;\">100 chilometri. 11 ore, 9 minuti e 52 secondi. Salite, freddo, pioggia, neve e grandine. Sono queste le parole chiave che riassumono l\u2019impresa titanica compiuta da un nostro concittadino, iscritto all\u2019associazione podistica DOF amatori, cimentatosi nella 41\u00b0 ultramaratona del Passatore che porta da Firenze a Faenza. Parliamo di Angelo Casulli, 28 enne, voglioso di sfidare la natura e provare un\u2019esperienza che pone una \u201cnormale\u201d maratona di 42 km e 195 metri ai livelli di una passeggiata domenicale intorno all\u2019isolato; una gara che spinge ai limiti delle possibilit\u00e0 fisiche e psicologiche chiunque la affronti, anche se molto allenato e con anni di esperienza alle spalle. Il nostro maratoneta ha tagliato il traguardo correndo ad una media di 6 minuti e 40 al kilometro. \u00c8 giunto 294\u00b0 assoluto, su 1451 arrivati (oltre 2 mila gli iscritti e circa 1750 i partenti), e 20\u00b0 nella categoria di appartenenza (TM). Un risultato andato ben oltre le aspettative, date le condizioni meteo alquanto proibitive che hanno sconvolto i piani degli atleti da inizio a fine gara. Ricordiamo che il percorso \u00e8 caratterizzato da notevoli dislivelli: si va da quote di 35 metri sul livello del mare fino ai 913 del Passo delle Colla di Casaglia. Casulli, nonostante tutto, \u00e8 riuscito a mantenere costante il suo ritmo, percorrendo i primi 31,5 km ad una velocit\u00e0 di 5 minuti e 29 secondi al km, e attestandosi per quasi tutto il resto della gara intorno ai 7 min\/km. Partito alle 15.00 del pomeriggio, \u00e8 arrivato a destinazione poco dopo la mezzanotte. Ecco le sue parole al ritorno: \u201cIn 41 anni, questo \u00e8 stato il primo ad aver assunto i connotati di gara massacrante. Il clima non \u00e8 stato dalla nostra parte; un pugno in pieno volto per me esordiente. Non avevo mai provato cos\u00ec tanto freddo e non riuscivo a ripartire dopo le soste dei ristori. Quando mi sono cambiato gli indumenti al 48\u00b0 km, il medico non voleva farmi pi\u00f9 ripartire; tremavo e non riuscivo nemmeno a parlare, ma per istinto ho ripreso a correre a tutta velocit\u00e0 in discesa per riscaldarmi il prima possibile. Poi la difficolt\u00e0 \u00e8 stata dal 65\u00b0 km, al buoi, solo, con il Garmin (orologio GPS, ndr) ormai scarico. Non avevo pi\u00f9 un barlume di speranza di giungere al traguardo. La mia unica scelta era affrontare i km poco alla volta, fermandomi ad ogni ristoro per idratarmi e mangiare qualcosa. Ma era tutto vano: negli ultimi km non riuscivo nemmeno a mangiare, avevo lo stomaco a pezzi, le caviglie gonfie e infiammate, ma la voglia di arrivare al traguardo era pi\u00f9 forte di tutti i dolori. Che dire\u2026 un&#8217;esperienza unica, la pi\u00f9 dura della mia vita. Sono soddisfatto non del tempo impiegato, ma nella forza di volont\u00e0 che ci ho messo nell\u2019affrontare le fasi finali.\u201d E se gli chiediamo se lo rifarebbe l\u2019anno prossimo, ecco cosa ci risponde: \u201cMi informer\u00f2 prima sul meteo!\u201d<\/p>\n","protected":false},"excerpt":{"rendered":"<p><img loading=\"lazy\" decoding=\"async\" src=\"http:\/\/farm4.staticflickr.com\/3755\/8933758505_7f789877d2_n.jpg\" width=\"320\" height=\"200\" alt=\"casulli\" \/><\/p>\n","protected":false},"author":1,"featured_media":0,"comment_status":"open","ping_status":"closed","sticky":false,"template":"","format":"standard","meta":{"colormag_page_container_layout":"default_layout","colormag_page_sidebar_layout":"default_layout","footnotes":""},"categories":[5],"tags":[],"class_list":["post-11119","post","type-post","status-publish","format-standard","hentry","category-sport"],"_links":{"self":[{"href":"https:\/\/archivioturi.lavocedelpaese.info\/index.php\/wp-json\/wp\/v2\/posts\/11119","targetHints":{"allow":["GET"]}}],"collection":[{"href":"https:\/\/archivioturi.lavocedelpaese.info\/index.php\/wp-json\/wp\/v2\/posts"}],"about":[{"href":"https:\/\/archivioturi.lavocedelpaese.info\/index.php\/wp-json\/wp\/v2\/types\/post"}],"author":[{"embeddable":true,"href":"https:\/\/archivioturi.lavocedelpaese.info\/index.php\/wp-json\/wp\/v2\/users\/1"}],"replies":[{"embeddable":true,"href":"https:\/\/archivioturi.lavocedelpaese.info\/index.php\/wp-json\/wp\/v2\/comments?post=11119"}],"version-history":[{"count":0,"href":"https:\/\/archivioturi.lavocedelpaese.info\/index.php\/wp-json\/wp\/v2\/posts\/11119\/revisions"}],"wp:attachment":[{"href":"https:\/\/archivioturi.lavocedelpaese.info\/index.php\/wp-json\/wp\/v2\/media?parent=11119"}],"wp:term":[{"taxonomy":"category","embeddable":true,"href":"https:\/\/archivioturi.lavocedelpaese.info\/index.php\/wp-json\/wp\/v2\/categories?post=11119"},{"taxonomy":"post_tag","embeddable":true,"href":"https:\/\/archivioturi.lavocedelpaese.info\/index.php\/wp-json\/wp\/v2\/tags?post=11119"}],"curies":[{"name":"wp","href":"https:\/\/api.w.org\/{rel}","templated":true}]}}