{"id":11115,"date":"2013-06-04T12:56:11","date_gmt":"2013-06-04T12:56:11","guid":{"rendered":"https:\/\/archivioturi.lavocedelpaese.info\/index.php\/2013\/06\/04\/presentata-a-bari-la-festa-nazionale-della-ciliegia-2\/"},"modified":"2013-06-04T12:56:11","modified_gmt":"2013-06-04T12:56:11","slug":"presentata-a-bari-la-festa-nazionale-della-ciliegia-2","status":"publish","type":"post","link":"https:\/\/archivioturi.lavocedelpaese.info\/index.php\/2013\/06\/04\/presentata-a-bari-la-festa-nazionale-della-ciliegia-2\/","title":{"rendered":"Presentata a Bari la Festa Nazionale della Ciliegia"},"content":{"rendered":"<p><img loading=\"lazy\" decoding=\"async\" src=\"http:\/\/farm4.staticflickr.com\/3702\/8933605155_d70d8a7aa7_n.jpg\" width=\"320\" height=\"213\" alt=\"Conferenza stampa ciliegie Bari\" \/><\/p>\n<p style=\"text-align: justify;\">Nella mattinata del 28 maggio \u00e8 stata presentata presso la sede della Regione Puglia la Festa Nazionale della Citt\u00e0 delle Ciliegie alla quale hanno partecipato le massime Autorit\u00e0 della Regione Puglia, della Provincia di Bari e del Comune di Turi, citt\u00e0 ospitante.<\/p>\n<p style=\"text-align: justify;\">A dare il via, Michele Boccardi, consigliere della Regione Puglia che ha parlato della Ciliegia come una grande opportunit\u00e0 di scambio culturale e con l\u2019obiettivo di valorizzare sempre pi\u00f9 il territorio. Nel corso della conferenza stampa si \u00e8 parlato dell\u2019importanza dei prodotti pugliesi oltre che della ciliegia ferrovia, cui \u00e8 dedicata la festa nazionale. Circa 30 i comuni che interverranno dall\u20198 giugno per due giorni ospitati dal comune di Turi. Interverranno infatti i comuni di Bagnaria (Pv), Bisceglie (Bt), Bracigliano (Sa), Casamassima (Ba), Castegnero (Vi), Castel San Giorgio (Sa), Castellana Grotte (Ba), Castelvetro di Modena (Mo), Celleno (Vt), Chiampo (Vi), Conversano (Ba), Formicola (Ce), Garbagna (Al), Giuliano Teatino (Ch), Givigna (Mo), Maenza (Lt), Marano sul Panaro (Mo), Napoli, Palombara Sabina (Rm), Pastena (Fr), Pimonte (Na), Putignano (Ba), Rivarone (Al), Sammichele di Bari (Ba), Savignano sul Panaro (Mo), Siano (Sa), Spilamberto (Mo), Unione Terre di Castelli (Mo), Vignola (Mo) e quindi Turi.<\/p>\n<p style=\"text-align: justify;\">Alla conferenza stampa sono intervenuti: Onofrio Introna, presidente del consiglio regione Puglia; Fabrizio Nardoni, assessore alle risorse agroalimentari Regione Puglia; Francesco Schittulli, presidente della Provincia di Bari; Trifone Altieri, vice presidente della Provincia di Bari; Onofrio Resta, sindaco di Turi; Angelo Palmisano, assessore all\u2019agricoltura del comune di Turi; Modesto Cazzetta, delegato al marketing territoriale.<\/p>\n<p style=\"text-align: justify;\">\u201cSiamo di fronte ad un prodotto di forte tipicit\u00e0 \u2013 ha commentato il presidente Onofrio Introna. Con l\u2019aiuto delle istituzioni \u00e8 necessario mettere insieme l\u2019offerta e la produzione. Fare squadra per elevare la qualit\u00e0 e per sostenere la produzione d\u2019eccellenza della Puglia con una infrastrutturazione adeguata\u201d.<\/p>\n<p style=\"text-align: justify;\">\u201cIl 40 per cento dell\u2019olio italiano, si produce in Puglia. Il 40 per cento delle ciliegie del territorio nazionale, si producono in Puglia. Vi \u00e8 la necessit\u00e0 di tutelare il marchio Prodotti di Puglia che serve per dare importanza ai prodotti della commercializzazione\u201d \u2013 ha aggiunto l\u2019Assessore Fabrizio Nardoni.<\/p>\n<p style=\"text-align: justify;\">\u201cPer la valorizzazione della ciliegia, abbiamo creato una sinergia tra Regione, Provincia, quattro Gal e il comune di Turi. \u00c8 necessario risolvere la concentrazione dell\u2019offerta mantenendo la leadership\u201d \u2013 sono le parole del Sindaco di Turi, Onofrio Resta. \u201cLa provincia di Bari \u00e8 l\u2019unica che aderisce all\u2019associazione nazionale citt\u00e0 delle ciliegie e l\u2019assessorato al ramo del comune di Turi \u00e8 delegato alla citt\u00e0 delle ciliegie\u201d.<\/p>\n<p style=\"text-align: justify;\">Una finestra al sociale \u00e8 il commento del presidente della Provincia,Francesco Schittulli: \u201cNell\u2019ambito della festa nazionale \u00e8 inserito il progetto di solidariet\u00e0 \u2018Una ciliegia per la vita\u2019 e sfruttiamo questa opportunit\u00e0 per sensibilizzare chi \u00e8 impegnato nel versante sanitario nella lotta ai tumori\u201d.<\/p>\n","protected":false},"excerpt":{"rendered":"<p><img loading=\"lazy\" decoding=\"async\" src=\"http:\/\/farm4.staticflickr.com\/3702\/8933605155_d70d8a7aa7_n.jpg\" width=\"320\" height=\"213\" alt=\"Conferenza stampa ciliegie Bari\" \/><\/p>\n","protected":false},"author":1,"featured_media":0,"comment_status":"open","ping_status":"closed","sticky":false,"template":"","format":"standard","meta":{"colormag_page_container_layout":"default_layout","colormag_page_sidebar_layout":"default_layout","footnotes":""},"categories":[7],"tags":[],"class_list":["post-11115","post","type-post","status-publish","format-standard","hentry","category-attualita"],"_links":{"self":[{"href":"https:\/\/archivioturi.lavocedelpaese.info\/index.php\/wp-json\/wp\/v2\/posts\/11115","targetHints":{"allow":["GET"]}}],"collection":[{"href":"https:\/\/archivioturi.lavocedelpaese.info\/index.php\/wp-json\/wp\/v2\/posts"}],"about":[{"href":"https:\/\/archivioturi.lavocedelpaese.info\/index.php\/wp-json\/wp\/v2\/types\/post"}],"author":[{"embeddable":true,"href":"https:\/\/archivioturi.lavocedelpaese.info\/index.php\/wp-json\/wp\/v2\/users\/1"}],"replies":[{"embeddable":true,"href":"https:\/\/archivioturi.lavocedelpaese.info\/index.php\/wp-json\/wp\/v2\/comments?post=11115"}],"version-history":[{"count":0,"href":"https:\/\/archivioturi.lavocedelpaese.info\/index.php\/wp-json\/wp\/v2\/posts\/11115\/revisions"}],"wp:attachment":[{"href":"https:\/\/archivioturi.lavocedelpaese.info\/index.php\/wp-json\/wp\/v2\/media?parent=11115"}],"wp:term":[{"taxonomy":"category","embeddable":true,"href":"https:\/\/archivioturi.lavocedelpaese.info\/index.php\/wp-json\/wp\/v2\/categories?post=11115"},{"taxonomy":"post_tag","embeddable":true,"href":"https:\/\/archivioturi.lavocedelpaese.info\/index.php\/wp-json\/wp\/v2\/tags?post=11115"}],"curies":[{"name":"wp","href":"https:\/\/api.w.org\/{rel}","templated":true}]}}