{"id":11101,"date":"2013-05-29T17:18:45","date_gmt":"2013-05-29T17:18:45","guid":{"rendered":"https:\/\/archivioturi.lavocedelpaese.info\/index.php\/2013\/05\/29\/nica-e-mary-hanno-scelto\/"},"modified":"2013-05-29T17:18:45","modified_gmt":"2013-05-29T17:18:45","slug":"nica-e-mary-hanno-scelto","status":"publish","type":"post","link":"https:\/\/archivioturi.lavocedelpaese.info\/index.php\/2013\/05\/29\/nica-e-mary-hanno-scelto\/","title":{"rendered":"Nica e Mary hanno scelto"},"content":{"rendered":"<p style=\"text-align: justify;\"><img loading=\"lazy\" decoding=\"async\" class=\" size-full wp-image-7739\" src=\"https:\/\/archivioturi.lavocedelpaese.info\/wp-content\/uploads\/2011\/12\/rifondazione-comunista-logo.JPG\" width=\"320\" height=\"205\" alt=\"rifondazione comunista - logo\" style=\"margin: 0px 3px;\" srcset=\"https:\/\/archivioturi.lavocedelpaese.info\/wp-content\/uploads\/2011\/12\/rifondazione-comunista-logo.JPG 1241w, https:\/\/archivioturi.lavocedelpaese.info\/wp-content\/uploads\/2011\/12\/rifondazione-comunista-logo-300x192.jpg 300w, https:\/\/archivioturi.lavocedelpaese.info\/wp-content\/uploads\/2011\/12\/rifondazione-comunista-logo-1024x656.jpg 1024w, https:\/\/archivioturi.lavocedelpaese.info\/wp-content\/uploads\/2011\/12\/rifondazione-comunista-logo-768x492.jpg 768w\" sizes=\"auto, (max-width: 320px) 100vw, 320px\" \/><\/p>\n<p class=\"Standard\" style=\"text-align: justify;\">Ciao, sono Nica, ho 18 anni e frequento il liceo classico di Putignano. Ogni giorno ho modo di incontrare i grandi del passato: ascolto le loro teorie, assisto ai loro tentativi di metterle in pratica, li guardo, vittoriosi o perdenti, declinare. Insomma, ho amicizie importanti.<br \/> Per\u00f2, per contrasto, vivo a Turi: niente cinema, niente teatro, una biblioteca aperta un solo giorno a settimana, insomma un&#8217;atmosfera culturale carceraria, tetra come i due cimiteri che abbiamo. Capite bene che una persona &#8220;normale&#8221; non pu\u00f2 fare un pranzo da dirigente e cenare da disoccupata (oramai i pranzi non sono pi\u00f9 cos\u00ec lauti n\u00e9 per una categoria n\u00e9 per l&#8217;altra, con la sottile differenza che la seconda va addirittura ad acqua). La mattina hai patteggiato con i francesi: &#8220;Alle sei ci vediamo e cambiamo le cose!&#8221;, poi scendi dal treno, ti guardi intorno: quella palma desolata, che ha avuto pure il virus, al massimo la raffigurazione de &#8220;I sepolcri&#8221;.<br \/> C&#8217;\u00e8 un conflitto tremendo tra la splendida teoria e la dura pratica, soprattutto in un paesino come Turi.<br \/> La mia risposta \u00e8 Rifondazione Comunista. E&#8217; un circolo culturale prima ancora che politico, frequentato da persone perbene, prima ancora che da politicanti. Poniamo all&#8217;attenzione della gente quesiti referendari, attacchiamo manifesti, distribuiamo volantini. Siamo vigili tutti insieme, affinch\u00e9 il pi\u00f9 debole non venga calpestato. In queste attivit\u00e0 c&#8217;\u00e8 il compromesso. Ci sono io: praticaeteoria.<\/p>\n<p class=\"Standard\" style=\"text-align: justify;\">Ciao, sono Mary, ho 20 anni, frequento l\u2019istituto alberghiero di Castellana Grotte e, al contempo, lavoro come cameriera da ormai 4 anni. Sono turese ed orgogliosamente militante di Rifondazione Comunista.<br \/> Tempo fa mi chiesero le ragioni della mia scelta politica e quali fossero valori ed ideali espressi dal mio partito.<br \/> All&#8217;inizio fu come una doccia fredda, ma con il tempo ho trovato risposta: in passato facevo parte dell\u2019UdS, un sindacato che difende i diritti degli studenti, quelli stessi diritti che progressivamente ci stanno togliendo, proponendo delle soluzioni (e non ponendo delle semplici domande). Pian piano mi sono avvicinata a Rifondazione Comunista di Turi (in cui milito da circa un anno), prima sposando le loro iniziative come esterna, in seguito da promotrice in prima linea. Quello che pi\u00f9 mi piace di Rifondazione Comunista \u00e8 che il nostro non \u00e8 un semplice partito, ma un ritrovo di persone, ognuna con il suo da fare, da studente\/ssa o lavoratore\/ lavoratrice che sia, tutte spinte dalla voglia di cambiare con coscienza quello che ci circonda, partendo dal basso, con piccole iniziative che ci mettano in contatto con la nostra cittadina, dal semplice ricordo di Antonio Gramsci allo scorso Referendum sui beni comuni, stando vicini ed attenti a tutte le conseguenze legate all&#8217;austerit\u00e0 ed a tutti i soprusi che i vari governi susseguitisi esercitano su di noi.<\/p>\n<p class=\"Standard\" style=\"text-align: justify;\">Come vedete, Nica e Mary hanno scelto; non vogliono semplicemente subire decisioni da altri compiute, ma sentono, al contrario, l&#8217;esigenza di partecipare alle stesse, di comprenderne le ragioni e di essere artefici del loro futuro.<\/p>\n<p> Chi l&#8217;ha detto che i giovani sono tutti totalmente disinteressati a ci\u00f2 che si verifica intorno a loro ed alla politica? Con quale certezza gli adulti manifestano sentimenti di scarsa speranza nei confronti delle nuove generazioni, tacciate di generalizzato menefreghismo? In una delle fasi storiche pi\u00f9 negative per i partiti, ci sono giovani che decidono di non seguire l&#8217;ondata del &#8220;fate tutti schifo&#8221; e, al contrario, di impegnarsi. Perfino a Turi.<\/p>\n<p> Se anche tu, come Nica e Mary, sei stanco di lamentarti senza fare nulla e se non vuoi restare inerme a fronte delle piccole e grandi inefficienze, incapacit\u00e0 ed ingiustizie di chi, a tutti i livelli, ci governa, Rifondazione Comunista c&#8217;\u00e8. <\/p>\n<p> Dimostriamo ai &#8220;grandi&#8221; che Nica e Mary non sono delle semplici eccezioni.<\/p>\n<p> Per info su tesseramento ed iniziative, si contatti il profilo facebook RifondazioneComunista Turi.<\/p>\n","protected":false},"excerpt":{"rendered":"<p style=\"text-align: justify;\"><img loading=\"lazy\" decoding=\"async\" class=\" size-full wp-image-7739\" src=\"https:\/\/archivioturi.lavocedelpaese.info\/wp-content\/uploads\/2011\/12\/rifondazione-comunista-logo.JPG\" width=\"320\" height=\"205\" alt=\"rifondazione comunista - logo\" style=\"margin: 0px 3px;\" srcset=\"https:\/\/archivioturi.lavocedelpaese.info\/wp-content\/uploads\/2011\/12\/rifondazione-comunista-logo.JPG 1241w, https:\/\/archivioturi.lavocedelpaese.info\/wp-content\/uploads\/2011\/12\/rifondazione-comunista-logo-300x192.jpg 300w, https:\/\/archivioturi.lavocedelpaese.info\/wp-content\/uploads\/2011\/12\/rifondazione-comunista-logo-1024x656.jpg 1024w, https:\/\/archivioturi.lavocedelpaese.info\/wp-content\/uploads\/2011\/12\/rifondazione-comunista-logo-768x492.jpg 768w\" sizes=\"auto, (max-width: 320px) 100vw, 320px\" \/><\/p>\n","protected":false},"author":1,"featured_media":7739,"comment_status":"open","ping_status":"closed","sticky":false,"template":"","format":"standard","meta":{"colormag_page_container_layout":"default_layout","colormag_page_sidebar_layout":"default_layout","footnotes":""},"categories":[4],"tags":[],"class_list":["post-11101","post","type-post","status-publish","format-standard","has-post-thumbnail","hentry","category-politica"],"_links":{"self":[{"href":"https:\/\/archivioturi.lavocedelpaese.info\/index.php\/wp-json\/wp\/v2\/posts\/11101","targetHints":{"allow":["GET"]}}],"collection":[{"href":"https:\/\/archivioturi.lavocedelpaese.info\/index.php\/wp-json\/wp\/v2\/posts"}],"about":[{"href":"https:\/\/archivioturi.lavocedelpaese.info\/index.php\/wp-json\/wp\/v2\/types\/post"}],"author":[{"embeddable":true,"href":"https:\/\/archivioturi.lavocedelpaese.info\/index.php\/wp-json\/wp\/v2\/users\/1"}],"replies":[{"embeddable":true,"href":"https:\/\/archivioturi.lavocedelpaese.info\/index.php\/wp-json\/wp\/v2\/comments?post=11101"}],"version-history":[{"count":0,"href":"https:\/\/archivioturi.lavocedelpaese.info\/index.php\/wp-json\/wp\/v2\/posts\/11101\/revisions"}],"wp:featuredmedia":[{"embeddable":true,"href":"https:\/\/archivioturi.lavocedelpaese.info\/index.php\/wp-json\/wp\/v2\/media\/7739"}],"wp:attachment":[{"href":"https:\/\/archivioturi.lavocedelpaese.info\/index.php\/wp-json\/wp\/v2\/media?parent=11101"}],"wp:term":[{"taxonomy":"category","embeddable":true,"href":"https:\/\/archivioturi.lavocedelpaese.info\/index.php\/wp-json\/wp\/v2\/categories?post=11101"},{"taxonomy":"post_tag","embeddable":true,"href":"https:\/\/archivioturi.lavocedelpaese.info\/index.php\/wp-json\/wp\/v2\/tags?post=11101"}],"curies":[{"name":"wp","href":"https:\/\/api.w.org\/{rel}","templated":true}]}}