{"id":11098,"date":"2013-05-28T15:08:00","date_gmt":"2013-05-28T15:08:00","guid":{"rendered":"https:\/\/archivioturi.lavocedelpaese.info\/index.php\/2013\/05\/28\/ciliegie-primo-frutto-e-tanti-malcontenti\/"},"modified":"2013-05-28T15:08:00","modified_gmt":"2013-05-28T15:08:00","slug":"ciliegie-primo-frutto-e-tanti-malcontenti","status":"publish","type":"post","link":"https:\/\/archivioturi.lavocedelpaese.info\/index.php\/2013\/05\/28\/ciliegie-primo-frutto-e-tanti-malcontenti\/","title":{"rendered":"Ciliegie: primo frutto e tanti malcontenti"},"content":{"rendered":"<p><img loading=\"lazy\" decoding=\"async\" src=\"http:\/\/farm9.staticflickr.com\/8404\/8672117531_d22dd60919_n.jpg\" width=\"320\" height=\"237\" alt=\"Rosalinda Genghi\" \/><\/p>\n<p style=\"text-align: justify;\">Il primo frutto \u00e8 stato colto ed ormai tutte le zone del nostro paese possono offrire lo spettacolo meraviglioso che questa stagione concede. Le bellissime sfere rosse sono pronte per essere colte, gustate e vendute, ma nell\u2019aria gi\u00e0 circola qualche malcontento a causa delle condizioni climatiche che quest\u2019anno hanno portate ad avere una ciliegia, almento per quella iniziale, non del tutto di grande bellezza.<\/p>\n<p style=\"text-align: justify;\">\u201cL\u2019assenza di pioggia \u2013 ci conferma l\u2019agronoma Rosalinda Genghi &#8211; nella fase di accrescimento del frutto ha penalizzato sia la Bigarreau che la Giorgia. Per la prima si sono avuti frutti con calibri che a stento hanno raggiunto i 26 mm di diametro\u201d. Piccole rispetto agli scorsi anni, le prime ciliegie Bigarreau stanno costringendo qualche produttore a non cogliere il frutto poich\u00e8 difficilmente vendibile. \u201cPezzature migliori sono state registrate per piante pi\u00f9 scariche a seguito della gelata del 17 marzo\u201d.<\/p>\n<p style=\"text-align: justify;\">\u201cPer la Giorgia \u2013 continua l\u2019agronoma &#8211; la situazione non \u00e8 migliore: ci troviamo di fronte a piante con eccessi produttivi e scarsa qualit\u00e0 (cio\u00e8 ciliegie piccole) perch\u00e9 non ha piovuto durante la fase di accrescimento del frutto ed inoltre non \u00e8 stato possibile irrigare tempestivamente perch\u00e9 molti pozzi erano fuori uso a seguito dei furti di rame subiti nel periodo invernale\u201d. Condizioni avverse che hanno determinato non pochi problemi per chi ha investito molto nella coltivazione e vendita della ciliegia.<\/p>\n<p style=\"text-align: justify;\">La situazione climatica, inoltre, non migliora la maturazione del frutto. Infatti \u201cla persistente assenza di pioggia sta costringendo i cerasicoltori ad irrigare settimanalmente, soprattutto in quei ciliegieti in cui si osservano elevati carichi produttivi. Ovviamente il persistere della mancata pioggia non giova alle piante e costringe i cerasicoltori a ricorrere all\u2019irrigazione, l\u00ec dove \u00e8 ovviamente possibile. La mancanza di acqua riduce quindi l &#8216;accrescimento del frutto ed anche lo sviluppo vegetativo delle piante\u201d.<\/p>\n<p style=\"text-align: justify;\">Tutto questo si spera migliori soprattutto perch\u00e9 ci stiamo avvicinando alla maturazione di quella che \u00e8 la perla della nostra terra, appunto la Ferrovia, fiore all\u2019occhiello di Turi e sulla quale la gran parte dei turesi ripone maggiore fiducia.<\/p>\n","protected":false},"excerpt":{"rendered":"<p><img loading=\"lazy\" decoding=\"async\" src=\"http:\/\/farm9.staticflickr.com\/8404\/8672117531_d22dd60919_n.jpg\" width=\"320\" height=\"237\" alt=\"Rosalinda Genghi\" \/><\/p>\n","protected":false},"author":1,"featured_media":0,"comment_status":"open","ping_status":"closed","sticky":false,"template":"","format":"standard","meta":{"colormag_page_container_layout":"default_layout","colormag_page_sidebar_layout":"default_layout","footnotes":""},"categories":[7],"tags":[],"class_list":["post-11098","post","type-post","status-publish","format-standard","hentry","category-attualita"],"_links":{"self":[{"href":"https:\/\/archivioturi.lavocedelpaese.info\/index.php\/wp-json\/wp\/v2\/posts\/11098","targetHints":{"allow":["GET"]}}],"collection":[{"href":"https:\/\/archivioturi.lavocedelpaese.info\/index.php\/wp-json\/wp\/v2\/posts"}],"about":[{"href":"https:\/\/archivioturi.lavocedelpaese.info\/index.php\/wp-json\/wp\/v2\/types\/post"}],"author":[{"embeddable":true,"href":"https:\/\/archivioturi.lavocedelpaese.info\/index.php\/wp-json\/wp\/v2\/users\/1"}],"replies":[{"embeddable":true,"href":"https:\/\/archivioturi.lavocedelpaese.info\/index.php\/wp-json\/wp\/v2\/comments?post=11098"}],"version-history":[{"count":0,"href":"https:\/\/archivioturi.lavocedelpaese.info\/index.php\/wp-json\/wp\/v2\/posts\/11098\/revisions"}],"wp:attachment":[{"href":"https:\/\/archivioturi.lavocedelpaese.info\/index.php\/wp-json\/wp\/v2\/media?parent=11098"}],"wp:term":[{"taxonomy":"category","embeddable":true,"href":"https:\/\/archivioturi.lavocedelpaese.info\/index.php\/wp-json\/wp\/v2\/categories?post=11098"},{"taxonomy":"post_tag","embeddable":true,"href":"https:\/\/archivioturi.lavocedelpaese.info\/index.php\/wp-json\/wp\/v2\/tags?post=11098"}],"curies":[{"name":"wp","href":"https:\/\/api.w.org\/{rel}","templated":true}]}}