{"id":11081,"date":"2013-05-24T08:09:15","date_gmt":"2013-05-24T08:09:15","guid":{"rendered":"https:\/\/archivioturi.lavocedelpaese.info\/index.php\/2013\/05\/24\/innovare-la-tradizione-i-giorni-della-musica\/"},"modified":"2013-05-24T08:09:15","modified_gmt":"2013-05-24T08:09:15","slug":"innovare-la-tradizione-i-giorni-della-musica","status":"publish","type":"post","link":"https:\/\/archivioturi.lavocedelpaese.info\/index.php\/2013\/05\/24\/innovare-la-tradizione-i-giorni-della-musica\/","title":{"rendered":"Innovare La Tradizione \u2013 \u201cI Giorni della Musica\u201d"},"content":{"rendered":"<p><img loading=\"lazy\" decoding=\"async\" src=\"http:\/\/farm4.staticflickr.com\/3795\/8758158718_0a7b3da135_n.jpg\" width=\"320\" height=\"220\" alt=\"Master FORMEAU 2\" \/><\/p>\n<p style=\"text-align: justify;\"><strong>L\u2019associazione Culturale Musicale \u201cOrpheo\u201d di Turi (Ba)<\/strong> in collaborazione con <strong>l\u2019amministrazione comunale,<\/strong> la nuova <strong>Pro-Loco di Turi<\/strong> e la&nbsp; ditta <strong>PALLADIUM MUSIC<\/strong>, presenta la <strong>rassegna musicale 2013 Innovare la<\/strong> <strong>Tradizione \u201c I Giorni della Musica \u201d.<\/strong><\/p>\n<p style=\"text-align: justify;\">Rassegna oramai arrivata alla quarta edizione e inserita nella programmazione annuale della stessa associazione e che, quest\u2019anno grazie alla sensibilizzazione dell\u2019amministrazione comunale settore cultura e marketing, della Nuova Pro-Loco e della ditta Palladium Music di Raffaele Darienzo, vedr\u00e0 la realizzazione a Turi di eventi culturali e musicali di rilevanza artistica, racchiusi nel periodo tra il 30 Maggio 2013 e il 21 Giugno 2013, apportando alla cittadina turese una strategia di marketing musicale, culturale e turistico, vista l\u2019affluenza a Turi di musicisti provenienti da varie zone d\u2019Italia per seguire le manifestazioni della rassegna stessa.<\/p>\n<p style=\"text-align: justify;\">Si parte il <strong>30, 31 Maggio e 1 Giugno 2013<\/strong>, con la realizzazione della masterclass tenuta dal musicista e <strong>sassofonista francese JEAN YVES FORMEAU<\/strong>, che sar\u00e0 ospite a Turi nella tre giorni di lezioni che si terranno presso la Sala Conferenze del centro musicale \u201cPalladium Music\u201d,concludendo l\u2019evento &nbsp;la sera del <strong>1 Giugno 2013,<\/strong> con l\u2019esibizione nel concerto musicale, accompagnato dagli allievi della stessa masterclass, nella splendida cornice di Piazza San Nicola nel centro storico di Turi (Ba);<\/p>\n<p style=\"text-align: justify;\">Altro &nbsp;evento, sar\u00e0 realizzato in collaborazione con la&nbsp; Pro-Loco la sera <strong>dell\u20198 Giugno 2013<\/strong> nella splendida cornice della villetta di Piazza Aldo Moro, &nbsp;dove si realizzer\u00e0 l\u2019evento musicale <strong>\u201cGRAFFITI ITALIA\u201d<\/strong> esibendosi la \u201c<strong>Orpheo Band\u201d di Turi (Ba) e la \u201cCONTRORCHESTRA Big Band\u201d diretta dal M\u00b0 Vito Vittorio<\/strong> <strong>Desantis<\/strong>, giovane musicista emergente di talento e affermatosi nel mondo musicale leggero vista la collaborazione con artisti di fama internazionale , in una simbiosi musicale dove si attraverseranno alcune delle pi\u00f9 belle pagine della canzone italiana, in versione innovativa eseguite dalle formazioni musicali;<\/p>\n<p style=\"text-align: justify;\"><strong>IL 21 Giugno 2013,<\/strong> in occasione della Festa Europea della Musica, nella cornice di Piazza Gonnelli di Turi, altro appuntamento musicale con l\u2019intento di sensibilizzare la cultura e lo studio della musica &nbsp;con l\u2019esibizione gli allievi della scuola di musica \u201cOrpheo\u201d accompagnati dai loro docenti nel saggio di fine anno, ospitando nella serata stessa <strong>l\u2019 ENSAMBLE DI FIATI \u201cNino Rota\u201d del Conservatorio di Monopoli (Ba),<\/strong> diretta dal maestro Carlo Maria Clemente, creando un binomio culturale che rappresenti il presente e il futuro della cultura musicale.<\/p>\n<p style=\"text-align: justify;\">Rassegna musicale aperta, in previsione del concerto dedicato al bicentenario della nascita di Giuseppe Verdi, che per fine luglio vedr\u00e0 la realizzazione di un concerto musicale dove si percorrer\u00e0&nbsp; la vita del grande artista, sulle note delle sue melodie pi\u00f9 celebri.<\/p>\n","protected":false},"excerpt":{"rendered":"<p><img loading=\"lazy\" decoding=\"async\" src=\"http:\/\/farm4.staticflickr.com\/3795\/8758158718_0a7b3da135_n.jpg\" width=\"320\" height=\"220\" alt=\"Master FORMEAU 2\" \/><\/p>\n","protected":false},"author":1,"featured_media":0,"comment_status":"open","ping_status":"closed","sticky":false,"template":"","format":"standard","meta":{"colormag_page_container_layout":"default_layout","colormag_page_sidebar_layout":"default_layout","footnotes":""},"categories":[6],"tags":[],"class_list":["post-11081","post","type-post","status-publish","format-standard","hentry","category-cultura"],"_links":{"self":[{"href":"https:\/\/archivioturi.lavocedelpaese.info\/index.php\/wp-json\/wp\/v2\/posts\/11081","targetHints":{"allow":["GET"]}}],"collection":[{"href":"https:\/\/archivioturi.lavocedelpaese.info\/index.php\/wp-json\/wp\/v2\/posts"}],"about":[{"href":"https:\/\/archivioturi.lavocedelpaese.info\/index.php\/wp-json\/wp\/v2\/types\/post"}],"author":[{"embeddable":true,"href":"https:\/\/archivioturi.lavocedelpaese.info\/index.php\/wp-json\/wp\/v2\/users\/1"}],"replies":[{"embeddable":true,"href":"https:\/\/archivioturi.lavocedelpaese.info\/index.php\/wp-json\/wp\/v2\/comments?post=11081"}],"version-history":[{"count":0,"href":"https:\/\/archivioturi.lavocedelpaese.info\/index.php\/wp-json\/wp\/v2\/posts\/11081\/revisions"}],"wp:attachment":[{"href":"https:\/\/archivioturi.lavocedelpaese.info\/index.php\/wp-json\/wp\/v2\/media?parent=11081"}],"wp:term":[{"taxonomy":"category","embeddable":true,"href":"https:\/\/archivioturi.lavocedelpaese.info\/index.php\/wp-json\/wp\/v2\/categories?post=11081"},{"taxonomy":"post_tag","embeddable":true,"href":"https:\/\/archivioturi.lavocedelpaese.info\/index.php\/wp-json\/wp\/v2\/tags?post=11081"}],"curies":[{"name":"wp","href":"https:\/\/api.w.org\/{rel}","templated":true}]}}