{"id":11080,"date":"2013-05-22T08:00:34","date_gmt":"2013-05-22T08:00:34","guid":{"rendered":"https:\/\/archivioturi.lavocedelpaese.info\/index.php\/2013\/05\/22\/strada-lidl-tutto-in-sospeso\/"},"modified":"2013-05-22T08:00:34","modified_gmt":"2013-05-22T08:00:34","slug":"strada-lidl-tutto-in-sospeso","status":"publish","type":"post","link":"https:\/\/archivioturi.lavocedelpaese.info\/index.php\/2013\/05\/22\/strada-lidl-tutto-in-sospeso\/","title":{"rendered":"Strada Lidl: tutto in sospeso!"},"content":{"rendered":"<p><img loading=\"lazy\" decoding=\"async\" src=\"http:\/\/farm6.staticflickr.com\/5324\/8758131834_ef518aa561.jpg\" width=\"320\" height=\"150\" alt=\"strada lidl\" \/><\/p>\n<p style=\"text-align: justify;\">L\u2019amministrazione in questi giorni dovrebbe decidere sul futuro della ormai famosa strada Lidl,<ins cite=\"mailto:Francesco%20Mallardi\" datetime=\"2013-05-14T23:38\"> <\/ins>comprensiva della modifica rispetto al progetto iniziale.<\/p>\n<p style=\"text-align: justify;\">In origine &#8211; amministrazione De Grisantis &#8211; \u00e8 stata progettata una strada diritta che avrebbe dovuto congiungere via Rutigliano con via Dell\u2019Andro (intersezione di via Ginestre). Successivamente &#8211;&nbsp; amministrazione Gigantelli &#8211; \u00e8 stata disposta una curva molto impegnativa in prossimit\u00e0 di via Ginestre e che farebbe terminare la strada, subito dopo questa curva, con un gigantesco albero al centro delle due corsie.<\/p>\n<p style=\"text-align: justify;\">A ben vedere il progetto infatti, a seguito di questa modifica, si intuisce chiaramente che qualcuno avrebbe deciso di salvaguardare un fazzoletto di terra in cui sono piantati degli innocui alberi. Cosa dire poi dell\u2019immenso albero che divider\u00e0 una corsia dall\u2019altra al termine della strada? A nulla poi interessa se, una di queste corsie, potrebbe, per una disgrazia qualsiasi, far terminare la corsa di qualche scellerato all\u2019interno del garage degli appartamenti di fronte.<\/p>\n<p style=\"text-align: justify;\">Ma in fondo a cosa importa la sicurezza di chi dovr\u00e0 percorrere quella strada? A quanto pare, queste sono domande retoriche, dal momento che si \u00e8 permesso pochi anni fa di costruire una rotonda che ha definitivamente condannato la tranquilla viabilit\u00e0 del tratto di strada di via Casamassima, ad intersezione con via Dell\u2019Andro.<\/p>\n<p style=\"text-align: justify;\">Secondo le disposizioni di legge infatti, le rotatorie urbane sono necessarie affinch\u00e8 le strade diventino facilmente percorribili in prossimit\u00e0 di incroci a sensibile traffico. Quella rotatoria infatti \u00e8 rotonda per\u00f2 non sufficientemente rotonda. \u00c8 illuminata anche se la sera non si riesce a vedere nulla, \u00e8 ben segnalata, anche se tutti preferiscono fermarsi per assicurasi che non passi nessuno gi\u00e0 da parecchi metri prima, che rallenta il traffico, perch\u00e9 altrimenti si pu\u00f2 correre il rischio di far visita agli abitanti delle case limitrofe con l\u2019intera macchina, ma soprattutto permette un flusso scorrevole e privo di pericoli, fino a quando la si attraversa con veicoli con massa a pieno carico inferiore al quintale. Ai nostri tecnici per\u00f2 questi piccoli dettagli non contano. L\u2019importante \u00e8 dimostrare che qualcosa per i cittadini venga fatta. Attenzione per\u00f2. Innanzitutto vanno salvaguardati gli interessi di pochi e poi quelli di tutti.<\/p>\n<p style=\"text-align: justify;\">In occasione della vergognosa rotatoria di via Casamassima furono portate centinaia di firme di cittadini che avevano sottoscritto il pi\u00f9 totale dissenso a quel progetto. L\u2019allora amministrazione rappresentata dal dott. Gigantelli per\u00f2 fu totalmente indifferente. C\u2019era ben altro di mezzo. Infatti c\u2019era in progetto la realizzazione dell\u2019impianto di erogazione di carburante. Sar\u00e0 stato un caso? Forse quella scellerata scelta \u00e8 stata condizionata da quel motivo?<\/p>\n<p style=\"text-align: justify;\">E perch\u00e8 in occasione della strada Lidl c\u2019\u00e8 stato \u201cqualcuno\u201d che si \u00e8 mobilitato fino all\u2019inverosimile affinch\u00e8 venisse approvata un\u2019ennesima vergognosa variante che farebbe di quella strada un\u2019opera ridicola e molto pericolosa?<\/p>\n<p style=\"text-align: justify;\">Il movimento civico Impegno per Turi ha raccolto delle firme affinch\u00e8 si cerchi una soluzione. Anche questa volta l\u2019amministrazione sar\u00e0 totalmente insensibile alla volont\u00e0 di tanti cittadini? Anche questa volta non terranno conto della sicurezza stradale?<\/p>\n<p style=\"text-align: justify;\">Una campagna elettorale, l\u2019ultima a cui abbiamo assistito, concentrata sulla volont\u00e0 di risolvere i problemi del paese.<\/p>\n<p style=\"text-align: justify;\">Vedremo se in questa occasione saranno salvaguardati gli interessi dei cittadini turesi e chi saranno i veri \u201csfigati\u201d di turno.<\/p>\n","protected":false},"excerpt":{"rendered":"<p><img loading=\"lazy\" decoding=\"async\" src=\"http:\/\/farm6.staticflickr.com\/5324\/8758131834_ef518aa561.jpg\" width=\"320\" height=\"150\" alt=\"strada lidl\" \/><\/p>\n","protected":false},"author":1,"featured_media":0,"comment_status":"open","ping_status":"closed","sticky":false,"template":"","format":"standard","meta":{"colormag_page_container_layout":"default_layout","colormag_page_sidebar_layout":"default_layout","footnotes":""},"categories":[4],"tags":[],"class_list":["post-11080","post","type-post","status-publish","format-standard","hentry","category-politica"],"_links":{"self":[{"href":"https:\/\/archivioturi.lavocedelpaese.info\/index.php\/wp-json\/wp\/v2\/posts\/11080","targetHints":{"allow":["GET"]}}],"collection":[{"href":"https:\/\/archivioturi.lavocedelpaese.info\/index.php\/wp-json\/wp\/v2\/posts"}],"about":[{"href":"https:\/\/archivioturi.lavocedelpaese.info\/index.php\/wp-json\/wp\/v2\/types\/post"}],"author":[{"embeddable":true,"href":"https:\/\/archivioturi.lavocedelpaese.info\/index.php\/wp-json\/wp\/v2\/users\/1"}],"replies":[{"embeddable":true,"href":"https:\/\/archivioturi.lavocedelpaese.info\/index.php\/wp-json\/wp\/v2\/comments?post=11080"}],"version-history":[{"count":0,"href":"https:\/\/archivioturi.lavocedelpaese.info\/index.php\/wp-json\/wp\/v2\/posts\/11080\/revisions"}],"wp:attachment":[{"href":"https:\/\/archivioturi.lavocedelpaese.info\/index.php\/wp-json\/wp\/v2\/media?parent=11080"}],"wp:term":[{"taxonomy":"category","embeddable":true,"href":"https:\/\/archivioturi.lavocedelpaese.info\/index.php\/wp-json\/wp\/v2\/categories?post=11080"},{"taxonomy":"post_tag","embeddable":true,"href":"https:\/\/archivioturi.lavocedelpaese.info\/index.php\/wp-json\/wp\/v2\/tags?post=11080"}],"curies":[{"name":"wp","href":"https:\/\/api.w.org\/{rel}","templated":true}]}}