{"id":11079,"date":"2013-05-21T17:54:30","date_gmt":"2013-05-21T17:54:30","guid":{"rendered":"https:\/\/archivioturi.lavocedelpaese.info\/index.php\/2013\/05\/21\/in-piazza-per-qricostruire-la-sinistraq\/"},"modified":"2013-05-21T17:54:30","modified_gmt":"2013-05-21T17:54:30","slug":"in-piazza-per-qricostruire-la-sinistraq","status":"publish","type":"post","link":"https:\/\/archivioturi.lavocedelpaese.info\/index.php\/2013\/05\/21\/in-piazza-per-qricostruire-la-sinistraq\/","title":{"rendered":"In piazza per &#8220;ricostruire la sinistra&#8221;"},"content":{"rendered":"<p><img loading=\"lazy\" decoding=\"async\" src=\"http:\/\/farm9.staticflickr.com\/8558\/8756984355_c7bed490f4_n.jpg\" alt=\"12 maggio\" width=\"320\" height=\"213\" \/><\/p>\n<p style=\"text-align: justify;\">Una manifestazione, dal titolo <strong>&#8220;La Cosa Giusta&#8221;<\/strong>, aperta ai movimenti, alle associazioni, agli amministratori di citt\u00e0 e regioni, a chi opera nel mondo del lavoro, della cultura, della produzione. &nbsp;L&#8217;11 maggio&nbsp;\u00e8 stata la piazza di chi vuole adoperarsi per dare risposte a quelle forti domande di cambiamento fuoriuscite dalle urne e poi del tutto disattese e umiliate, \u00e8 la piazza di chi pensa che un&#8217;uscita dalla crisi a sinistra sia possibile e che anche in Italia possa esistere un soggetto politico di sinistra capace di ricostruire un agire collettivo che abbia senso, che sia utile a modificare in positivo la vita di tante donne e di tanti uomini&#8230;<img loading=\"lazy\" decoding=\"async\" style=\"margin-top: 10px; margin-bottom: 10px; margin-left: 10px; float: right;\" src=\"http:\/\/farm8.staticflickr.com\/7342\/8758111012_14af5d71f1_n.jpg\" alt=\"Il gruppo turese di Sel a Bari\" width=\"240\" height=\"320\" \/>\u00abSiamo qui per costruire non la sinistra del rancore e della denuncia, ma per dire che la sinistra non pu\u00f2 morire di berlusconismo e reagir\u00e0\u00bb. Cos\u00ec Nichi Vendola, leader di Sel, ha esordito a &#8220;La cosa giusta&#8221;.&#8221;In un Paese impoverito e smarrito e con un centrosinistra fatto di macerie &#8211; continua poi Vendola &#8211; \u00e8 fondamentale, ora pi\u00f9 che mai, uscire dalle proprie case, dalle proprie stanze rassicuranti quanto insufficienti, e fare la propria parte in quello che \u00e8 un processo di apprendimento, una ricerca in campo aperto per provare a costruire tutti insieme un Paese migliore&#8221;. Si sono alternati momenti musicali, testimonianze, appelli da parte di intellettuali, esperienze sociali, associazioni dei precari, esponenti della sinistra. Gli argomenti trattati sono stati diversi, dal politico al sociale, dall\u2019economia alla finanza. Si \u00e8 parlato di femminicidio e di un radicale cambiamento nella cultura italiana come iniziale guarigione da questa grave malattia sociale, si \u00e8 discusso del diritto dei figli degli immigrati di acquisire al momento della nascita la cittadinanza italiana. E\u2019 stata presentata da parte del Professore Rodot\u00e0 una raccolta firme per proibire che finanziamenti pubblici giungano nelle casse delle scuole private, come previsto dall\u2019art 33 Costituzione al comma 3, che sostiene che detti enti privati debbano istituire scuole ed istituti di educazione senza oneri dello Stato. Infine s\u2019\u00e8 parlato della situazione attuale al Governo definito dal Sindaco di Cagliari, Massimo Zedda, come il \u201dciambelline del papi\u201d composto da PD, PDL e tecnici vari, con l\u2019aggiunta di abbondante panna montata composta da esodati e giovani disoccupati.<\/p>\n<p style=\"text-align: justify;\">Fra questi temi, quelli che mi hanno maggiormente colpita non sono stati solo e soltanto gli slogan, bens\u00ec problematiche serie che interessano noi tutti, uomini, donne, giovani e bambini. Quello che ha suscitato in me curiosit\u00e0, ma non nascondo anche preoccupazione, riguarda il nostro futuro. Mi domando: come si riesce a rimanere insensibili, indifferenti verso argomenti come il diritto all\u2019istruzione, il diritto alla formazione, necessaria per tutti giovani di, ogni ordine sociale?&nbsp; Dobbiamo tenere presente che per noi lo studio, la cultura \u00e8 come l\u2019aria che respiriamo per poter vivere, basilare per la nostra \u201csopravvivenza\u201d. Ho percepito le preoccupazioni ascoltate, chiarite in maniera comprensibile dal professor Rodot\u00e0, il quale ha giustamente indicato come tali diritti siano previsti quindi tutelati dalla nostra Costituzione. In considerazione di quanto costa a noi giovani di dotarci di strumenti idonei e soprattutto di quanto viene a costare ai nostri genitori che devono sostenere spese per farci studiare, mi domando: esistono veramente le pari opportunit\u00e0 di studiare? <img loading=\"lazy\" decoding=\"async\" style=\"margin-top: 10px; margin-right: 10px; margin-bottom: 10px; float: left;\" src=\"http:\/\/farm3.staticflickr.com\/2858\/8756984451_41e154eea3.jpg\" alt=\"Bruno Coletti insieme a Stefano Rodot\u00c3\" width=\"260\" height=\"347\" \/>Perche stiamo tornando velocemente verso situazioni che io consideravo esagerate, e che non sarebbero pi\u00f9 dovute ritornare. Oggi la precariet\u00e0 economica (tanto per non farci mancare nulla) \u00e8 diventata anche madre di tragedie. Perch\u00e9 tanti non possono accedere a universit\u00e0 come la Bocconi a Milano o senza andare troppo lontano alla Lum di Casamassima?! Non parliamone poi se noi giovani vogliamo partecipare a specializzazioni di livello superiore all\u2019estero! Ebbene, siamo tornati a costatare che il ricco, il benestante potr\u00e0 cogliere pi\u00f9 opportunit\u00e0 e solo qualcuno con l\u2019aiuto della sorte tenter\u00e0 di raggiungere la propria meta. Voglio concludere dicendo e ribadendo e far sapere a noi e a voi tutti, perch\u00e8 si prenda atto, che la <strong>SCUOLA NON \u00c8 UN SERVIZIO DI CUI SI PU\u00d2 FARE A MENO MA BENS\u00cc \u00c8 UN DIRITTO SANCITO DALLA NOSTRA COSTITUZIONE!<\/strong><\/p>\n<p style=\"text-align: justify;\">Questi diritti, cosi come li ha definiti Rodot\u00e0, DEVONO essere al primo posto. Ognuno di noi ha un pacchetto di diritti uguale per tutti e dobbiamo pretendere che vengano rispettati perch\u00e9 questa \u00e8 \u201c<strong>LA COSA GIUSTA<\/strong>\u201d!<\/p>\n<p style=\"text-align: justify;\" align=\"right\">Francesca Coletti<\/p>\n<p style=\"text-align: justify;\" align=\"right\">Sinistra Ecologia Libert\u00e0 Turi<\/p>\n","protected":false},"excerpt":{"rendered":"<p><img loading=\"lazy\" decoding=\"async\" src=\"http:\/\/farm9.staticflickr.com\/8558\/8756984355_c7bed490f4_n.jpg\" alt=\"12 maggio\" width=\"320\" height=\"213\" \/><\/p>\n","protected":false},"author":1,"featured_media":0,"comment_status":"open","ping_status":"closed","sticky":false,"template":"","format":"standard","meta":{"colormag_page_container_layout":"default_layout","colormag_page_sidebar_layout":"default_layout","footnotes":""},"categories":[4],"tags":[],"class_list":["post-11079","post","type-post","status-publish","format-standard","hentry","category-politica"],"_links":{"self":[{"href":"https:\/\/archivioturi.lavocedelpaese.info\/index.php\/wp-json\/wp\/v2\/posts\/11079","targetHints":{"allow":["GET"]}}],"collection":[{"href":"https:\/\/archivioturi.lavocedelpaese.info\/index.php\/wp-json\/wp\/v2\/posts"}],"about":[{"href":"https:\/\/archivioturi.lavocedelpaese.info\/index.php\/wp-json\/wp\/v2\/types\/post"}],"author":[{"embeddable":true,"href":"https:\/\/archivioturi.lavocedelpaese.info\/index.php\/wp-json\/wp\/v2\/users\/1"}],"replies":[{"embeddable":true,"href":"https:\/\/archivioturi.lavocedelpaese.info\/index.php\/wp-json\/wp\/v2\/comments?post=11079"}],"version-history":[{"count":0,"href":"https:\/\/archivioturi.lavocedelpaese.info\/index.php\/wp-json\/wp\/v2\/posts\/11079\/revisions"}],"wp:attachment":[{"href":"https:\/\/archivioturi.lavocedelpaese.info\/index.php\/wp-json\/wp\/v2\/media?parent=11079"}],"wp:term":[{"taxonomy":"category","embeddable":true,"href":"https:\/\/archivioturi.lavocedelpaese.info\/index.php\/wp-json\/wp\/v2\/categories?post=11079"},{"taxonomy":"post_tag","embeddable":true,"href":"https:\/\/archivioturi.lavocedelpaese.info\/index.php\/wp-json\/wp\/v2\/tags?post=11079"}],"curies":[{"name":"wp","href":"https:\/\/api.w.org\/{rel}","templated":true}]}}