{"id":11077,"date":"2013-05-21T08:44:54","date_gmt":"2013-05-21T08:44:54","guid":{"rendered":"https:\/\/archivioturi.lavocedelpaese.info\/index.php\/2013\/05\/21\/primo-premio-per-il-corto-dei-ragazzi-turesi\/"},"modified":"2013-05-21T08:44:54","modified_gmt":"2013-05-21T08:44:54","slug":"primo-premio-per-il-corto-dei-ragazzi-turesi","status":"publish","type":"post","link":"https:\/\/archivioturi.lavocedelpaese.info\/index.php\/2013\/05\/21\/primo-premio-per-il-corto-dei-ragazzi-turesi\/","title":{"rendered":"Primo premio per il corto dei ragazzi turesi"},"content":{"rendered":"<p><img loading=\"lazy\" decoding=\"async\" src=\"http:\/\/farm9.staticflickr.com\/8264\/8756961587_53bdcaa4a0_n.jpg\" width=\"320\" height=\"240\" alt=\"Ciakkiamoci\" \/><\/p>\n<p style=\"text-align: justify;\">Alla&nbsp; serata finale di &#8220;<em>Ciakkiamoci a Capurso<\/em>&#8220;, il primo festival-concorso per cortometraggi scolastici, sabato 11 maggio, alle ore 21.00, c\u2019erano i ragazzi dell\u2019Istituto Comprensivo \u201cResta \u2013 De Donato Giannini\u201d, in veste di autori e attori del corto \u201c<em>Risparmiare energia non \u00e8 un sogno<\/em>!\u201d.<\/p>\n<p style=\"text-align: justify;\">Per le avverse condizioni atmosferiche, dalla &nbsp;Piazzetta del Pellegrino, dinnanzi al Sagrato della Reale Basilica, l\u2019evento \u00e8 stato spostato presso la Biblioteca Comunale \u201cD\u2019Addosio\u201d<br \/> La rassegna, voluta dall&#8217;assessorato alla Cultura del Comune di Capurso, \u00e8 stata organizzata da Creative Intelligence, per la direzione artistica del professor Giuseppe Massarelli.<br \/> L&#8217;evento ha coinvolto i due istituti comprensivi di Capurso, il &#8220;San Domenico Savio&#8221; e il &#8220;San Giovanni Bosco&#8221;, entrambi a orientamento musicale, i cui &nbsp;studenti sono stati coinvolti come critici cinematografici e giudici. <br \/> Al festival hanno partecipato oltre 100 cortometraggi provenienti da tutta Italia.<\/p>\n<p style=\"text-align: justify;\">&nbsp;Undici i finalisti giudicati dai ragazzi e il corto <em>\u201cRisparmiare energia non \u00e8 un sogno\u201d<\/em> \u00e8 risultato <strong>il&nbsp; miglior cortometraggio per la sezione Scuola Primaria.<\/strong> Il premio: una targa, un diploma e una videocamera \u00e8 stato ritirato dai ragazzi entusiasti per l\u2019ennesimo riconoscimento, accompagnati dai genitori, dal&nbsp; Preside prof. Ferdinando Brienza e dall\u2019insegnante Maria Cassotta.<\/p>\n<p style=\"text-align: justify;\">La partecipazione \u00e8 stata una valida occasione perch\u00e8<\/p>\n<p style=\"text-align: justify;\">i cortometraggi visti sabato scorso possono essere spunto di importanti riflessioni anche per noi adulti.<\/p>\n<p style=\"text-align: justify;\">Ricordiamo che il cortometraggio dei nostri ragazzi ha avuto importanti riconoscimenti:<\/p>\n<p style=\"text-align: justify;\">\u00fc <strong>Concorso Marano SpotRagazzi, primo premio per la sez. VideocomPONimenti, <\/strong><\/p>\n<p style=\"text-align: justify;\">\u00fc <strong>Concorso Nazionale Video<em>S<\/em>conosciuti<\/strong> dell\u2019Associazione Culturale OSA in collaborazione con il Comune di Abbadia San Salvatore (Siena); il Concorso fa parte del protocollo d\u2019intesa M.P.I. \u2013 OSA Onlus del 10\/01\/2008; a seguito della selezione il video \u00e8 archiviato pressola Biblioteca Comunale di Piancastagnaio (SI) ed a noi \u00e8 giunto un attestato di premiazione 2012 e un calendario personalizzato;<\/p>\n<p style=\"text-align: justify;\">\u00fc <strong>Concorso Nazionale Sottodiciotto Film Festival di Torino XIII edizione<\/strong>, che essendo il pi\u00f9 grande, il pi\u00f9 importante ed originale&nbsp; del settore in Italia, riconosce&nbsp; la centralit\u00e0 dell\u2019educazione nel lavoro cinematografico con i ragazzi offrendo uno spazio di visibilit\u00e0 e confronto grazie alla proiezione dei prodotti realizzati.<\/p>\n<p style=\"text-align: justify;\">Gli innumerevoli riconoscimenti confermano l\u2019alto valore del messaggio che ragazzi e insegnante si erano proposti: <strong>scardinare negli spettatori, in genere, le abitudini legate ad uno stile dei consumi spesso troppo disinvolto e, a volte, inconsapevole.<\/strong><\/p>\n<p style=\"text-align: justify;\">L\u2019insegnante Maria Cassotta dedica questo importante ed inaspettato riconoscimento a tutti i ragazzi che, con il loro impegno e le loro grandi potenzialit\u00e0, hanno contribuito a dare visibilit\u00e0 al valore aggiunto del percorso educativo \u2013 didattico di noi docenti e dell\u2019intera comunit\u00e0 scolastica.<\/p>\n<p style=\"text-align: justify;\"><strong><em>Ins. Maria Cassotta<\/em><\/strong><\/p>\n","protected":false},"excerpt":{"rendered":"<p><img loading=\"lazy\" decoding=\"async\" src=\"http:\/\/farm9.staticflickr.com\/8264\/8756961587_53bdcaa4a0_n.jpg\" width=\"320\" height=\"240\" alt=\"Ciakkiamoci\" \/><\/p>\n","protected":false},"author":1,"featured_media":0,"comment_status":"open","ping_status":"closed","sticky":false,"template":"","format":"standard","meta":{"colormag_page_container_layout":"default_layout","colormag_page_sidebar_layout":"default_layout","footnotes":""},"categories":[6],"tags":[],"class_list":["post-11077","post","type-post","status-publish","format-standard","hentry","category-cultura"],"_links":{"self":[{"href":"https:\/\/archivioturi.lavocedelpaese.info\/index.php\/wp-json\/wp\/v2\/posts\/11077","targetHints":{"allow":["GET"]}}],"collection":[{"href":"https:\/\/archivioturi.lavocedelpaese.info\/index.php\/wp-json\/wp\/v2\/posts"}],"about":[{"href":"https:\/\/archivioturi.lavocedelpaese.info\/index.php\/wp-json\/wp\/v2\/types\/post"}],"author":[{"embeddable":true,"href":"https:\/\/archivioturi.lavocedelpaese.info\/index.php\/wp-json\/wp\/v2\/users\/1"}],"replies":[{"embeddable":true,"href":"https:\/\/archivioturi.lavocedelpaese.info\/index.php\/wp-json\/wp\/v2\/comments?post=11077"}],"version-history":[{"count":0,"href":"https:\/\/archivioturi.lavocedelpaese.info\/index.php\/wp-json\/wp\/v2\/posts\/11077\/revisions"}],"wp:attachment":[{"href":"https:\/\/archivioturi.lavocedelpaese.info\/index.php\/wp-json\/wp\/v2\/media?parent=11077"}],"wp:term":[{"taxonomy":"category","embeddable":true,"href":"https:\/\/archivioturi.lavocedelpaese.info\/index.php\/wp-json\/wp\/v2\/categories?post=11077"},{"taxonomy":"post_tag","embeddable":true,"href":"https:\/\/archivioturi.lavocedelpaese.info\/index.php\/wp-json\/wp\/v2\/tags?post=11077"}],"curies":[{"name":"wp","href":"https:\/\/api.w.org\/{rel}","templated":true}]}}