{"id":11072,"date":"2013-05-20T05:57:18","date_gmt":"2013-05-20T05:57:18","guid":{"rendered":"https:\/\/archivioturi.lavocedelpaese.info\/index.php\/2013\/05\/20\/i-morti-di-serie-b\/"},"modified":"2013-05-20T05:57:18","modified_gmt":"2013-05-20T05:57:18","slug":"i-morti-di-serie-b","status":"publish","type":"post","link":"https:\/\/archivioturi.lavocedelpaese.info\/index.php\/2013\/05\/20\/i-morti-di-serie-b\/","title":{"rendered":"I morti di serie B"},"content":{"rendered":"<p style=\"text-align: justify;\"><img loading=\"lazy\" decoding=\"async\" src=\"http:\/\/farm8.staticflickr.com\/7456\/8751081932_86860a8847_n.jpg\" width=\"320\" height=\"213\" alt=\"cimitero turi\" \/>\n<\/p>\n<p style=\"text-align: justify;\">A Turi i morti non sono tutti uguali. Il cimitero comunale \u00e8 diviso in feudi: da una parte cripte, altari, simulacri e baldacchini da far rimpiangere gli ipogei del neolitico. Qui il verde \u00e8 rigoglioso, le piantagioni potate, i viali sono puliti e curati nei dettagli. L&#8217;altra fazione \u00e8 una prateria, un&#8217;immensa distesa di croci e di lapidi quasi anonime, abbandonate al degrado e all&#8217;incuria di chi, invece dovrebbe gestire questi luoghi sacri con rispetto e devozione. Qui dimorano i &#8220;comuni mortali&#8221;. Aldil\u00e0 della plebe regna l&#8217;ordine, la maestosit\u00e0, la cura del verde pubblico. Un vero e proprio giardino dell&#8217;Eden. Invece le foto sbiadite dei comuni mortali sono avvolte da sterpaglie, erbacce, gramigne. I cipressi sono in ginocchio; non si potano da una vita. Cos\u00ec appariva il cimitero dei &#8220;poveri&#8221; nel giugno 2012, su Turiweb. Cos\u00ec appare oggi. \u00c8 un ghetto, una fossa comune popolata da anime che gridano vendetta: &#8220;La morte sapete cos&#8217;\u00e8? \u00c8 una livella&#8221;.&nbsp;<\/p>\n","protected":false},"excerpt":{"rendered":"<p style=\"text-align: justify;\"><img loading=\"lazy\" decoding=\"async\" src=\"http:\/\/farm8.staticflickr.com\/7456\/8751081932_86860a8847_n.jpg\" width=\"320\" height=\"213\" alt=\"cimitero turi\" \/><\/p>\n","protected":false},"author":1,"featured_media":0,"comment_status":"open","ping_status":"closed","sticky":false,"template":"","format":"standard","meta":{"colormag_page_container_layout":"default_layout","colormag_page_sidebar_layout":"default_layout","footnotes":""},"categories":[7],"tags":[],"class_list":["post-11072","post","type-post","status-publish","format-standard","hentry","category-attualita"],"_links":{"self":[{"href":"https:\/\/archivioturi.lavocedelpaese.info\/index.php\/wp-json\/wp\/v2\/posts\/11072","targetHints":{"allow":["GET"]}}],"collection":[{"href":"https:\/\/archivioturi.lavocedelpaese.info\/index.php\/wp-json\/wp\/v2\/posts"}],"about":[{"href":"https:\/\/archivioturi.lavocedelpaese.info\/index.php\/wp-json\/wp\/v2\/types\/post"}],"author":[{"embeddable":true,"href":"https:\/\/archivioturi.lavocedelpaese.info\/index.php\/wp-json\/wp\/v2\/users\/1"}],"replies":[{"embeddable":true,"href":"https:\/\/archivioturi.lavocedelpaese.info\/index.php\/wp-json\/wp\/v2\/comments?post=11072"}],"version-history":[{"count":0,"href":"https:\/\/archivioturi.lavocedelpaese.info\/index.php\/wp-json\/wp\/v2\/posts\/11072\/revisions"}],"wp:attachment":[{"href":"https:\/\/archivioturi.lavocedelpaese.info\/index.php\/wp-json\/wp\/v2\/media?parent=11072"}],"wp:term":[{"taxonomy":"category","embeddable":true,"href":"https:\/\/archivioturi.lavocedelpaese.info\/index.php\/wp-json\/wp\/v2\/categories?post=11072"},{"taxonomy":"post_tag","embeddable":true,"href":"https:\/\/archivioturi.lavocedelpaese.info\/index.php\/wp-json\/wp\/v2\/tags?post=11072"}],"curies":[{"name":"wp","href":"https:\/\/api.w.org\/{rel}","templated":true}]}}