{"id":11071,"date":"2013-05-15T07:59:41","date_gmt":"2013-05-15T07:59:41","guid":{"rendered":"https:\/\/archivioturi.lavocedelpaese.info\/index.php\/2013\/05\/15\/si-schianta-sul-muretto-un-ferito\/"},"modified":"2013-05-15T07:59:41","modified_gmt":"2013-05-15T07:59:41","slug":"si-schianta-sul-muretto-un-ferito","status":"publish","type":"post","link":"https:\/\/archivioturi.lavocedelpaese.info\/index.php\/2013\/05\/15\/si-schianta-sul-muretto-un-ferito\/","title":{"rendered":"Si schianta sul muretto, un ferito"},"content":{"rendered":"<p><a href=\"http:\/\/www.flickr.com\/photos\/91470992@N02\/8739852043\/\" title=\"IMG_3849 di LA VOCE DEL PAESE, su Flickr\"><img loading=\"lazy\" decoding=\"async\" src=\"http:\/\/farm8.staticflickr.com\/7282\/8739852043_c9246b9913_n.jpg\" width=\"320\" height=\"213\" alt=\"IMG_3849\" \/><\/a><\/p>\n<p>&nbsp;<\/p>\n<p>&nbsp;<\/p>\n<p style=\"text-align: justify;\">Un brutto incidente si \u00e8 verificato ieri mattina intorno alle ore 11 sulla strada provinciale che collega Turi e Gioia del Colle. Una Fiat Punto guidata da un 38enne di Gioia del Colle che stava tornando nella sua citt\u00e0 di residenza, per cause in fase d&#8217;accertamento, \u00e8 uscita fuori strada andando a schiantarsi contro il muretto a secco. L&#8217;impatto \u00e8 stato violento e i primi soccorritori giunti sul luogo dell&#8217;incidente hanno trovato il giovane steso sull&#8217;asfalto, probabilmente sbalzato fuori dall&#8217;abitacolo. I sanitari del 118 di Turi giunti poco dopo, hanno soccorso il 38enne e trasportato presso il Pronto Soccorso di Putignano, dove i medici gli hanno riscontrato diversi traumi e una ferita importante alla gamba. Ne avr\u00e0 per circa trenta giorni. L&#8217;auto invece, come documentano le immagini, \u00e8 completamente distrutta. L&#8217;intervento tempestivo di un agente della Metronotte di Turi ha consentito ai soccorritori di operare in sicurezza. Infatti in attesa di vigili o carabinieri, essendo la Punto ferma in curva, l&#8217;agente ha segnalato l&#8217;incidente agli automobilisti in transito. Da sottolineare che in alcuni casi la spregiudicatezza e l&#8217;incoscienza di alcuni automobilisti che sfrecciano sulle strade non rispettano i limiti e non osservano le misure di sicurezza in caso di incidente. Per i rilievi sono intervenuti gli agenti della Polizia Locale. Il tratto di strada ha subito rallentamenti fino alle ore 13,45.&nbsp;&nbsp;<\/p>\n<p><a href=\"http:\/\/www.flickr.com\/photos\/91470992@N02\/8739847907\/\" title=\"IMG_3845 di LA VOCE DEL PAESE, su Flickr\"><img loading=\"lazy\" decoding=\"async\" src=\"http:\/\/farm8.staticflickr.com\/7281\/8739847907_e3d75797d8_z.jpg\" width=\"640\" height=\"427\" alt=\"IMG_3845\" \/><\/a><\/p>\n","protected":false},"excerpt":{"rendered":"<p><a href=\"http:\/\/www.flickr.com\/photos\/91470992@N02\/8739852043\/\" title=\"IMG_3849 di LA VOCE DEL PAESE, su Flickr\"><img loading=\"lazy\" decoding=\"async\" src=\"http:\/\/farm8.staticflickr.com\/7282\/8739852043_c9246b9913_n.jpg\" width=\"320\" height=\"213\" alt=\"IMG_3849\" \/><\/a><\/p>\n<p>&nbsp;<\/p>\n","protected":false},"author":1,"featured_media":0,"comment_status":"open","ping_status":"closed","sticky":false,"template":"","format":"standard","meta":{"colormag_page_container_layout":"default_layout","colormag_page_sidebar_layout":"default_layout","footnotes":""},"categories":[8],"tags":[],"class_list":["post-11071","post","type-post","status-publish","format-standard","hentry","category-cronaca"],"_links":{"self":[{"href":"https:\/\/archivioturi.lavocedelpaese.info\/index.php\/wp-json\/wp\/v2\/posts\/11071","targetHints":{"allow":["GET"]}}],"collection":[{"href":"https:\/\/archivioturi.lavocedelpaese.info\/index.php\/wp-json\/wp\/v2\/posts"}],"about":[{"href":"https:\/\/archivioturi.lavocedelpaese.info\/index.php\/wp-json\/wp\/v2\/types\/post"}],"author":[{"embeddable":true,"href":"https:\/\/archivioturi.lavocedelpaese.info\/index.php\/wp-json\/wp\/v2\/users\/1"}],"replies":[{"embeddable":true,"href":"https:\/\/archivioturi.lavocedelpaese.info\/index.php\/wp-json\/wp\/v2\/comments?post=11071"}],"version-history":[{"count":0,"href":"https:\/\/archivioturi.lavocedelpaese.info\/index.php\/wp-json\/wp\/v2\/posts\/11071\/revisions"}],"wp:attachment":[{"href":"https:\/\/archivioturi.lavocedelpaese.info\/index.php\/wp-json\/wp\/v2\/media?parent=11071"}],"wp:term":[{"taxonomy":"category","embeddable":true,"href":"https:\/\/archivioturi.lavocedelpaese.info\/index.php\/wp-json\/wp\/v2\/categories?post=11071"},{"taxonomy":"post_tag","embeddable":true,"href":"https:\/\/archivioturi.lavocedelpaese.info\/index.php\/wp-json\/wp\/v2\/tags?post=11071"}],"curies":[{"name":"wp","href":"https:\/\/api.w.org\/{rel}","templated":true}]}}