{"id":11064,"date":"2013-05-16T06:57:43","date_gmt":"2013-05-16T06:57:43","guid":{"rendered":"https:\/\/archivioturi.lavocedelpaese.info\/index.php\/2013\/05\/16\/ventrella-ribatte-alla-volpicella\/"},"modified":"2013-05-16T06:57:43","modified_gmt":"2013-05-16T06:57:43","slug":"ventrella-ribatte-alla-volpicella","status":"publish","type":"post","link":"https:\/\/archivioturi.lavocedelpaese.info\/index.php\/2013\/05\/16\/ventrella-ribatte-alla-volpicella\/","title":{"rendered":"Ventrella ribatte alla Volpicella"},"content":{"rendered":"<p style=\"text-align: justify;\"><img loading=\"lazy\" decoding=\"async\" src=\"http:\/\/farm8.staticflickr.com\/7299\/8734923467_e4d8bc334c_n.jpg\" width=\"320\" height=\"320\" alt=\"Natale Ventrella\" \/><\/p>\n<p style=\"text-align: justify;\">Il botta e risposta tra l\u2019ex consigliere Natalino Ventrella ed il vice sindaco Mariangela Volpicella continua.<\/p>\n<p style=\"text-align: justify;\">Il futuro dell\u2019ex cinema Zaccheo fa da sfondo con una chiacchierata perdita di finanziamento per la riqualificazione dell\u2019area, prontamente smentito dal vice sindaco.<\/p>\n<p style=\"text-align: justify;\">Natalino per\u00f2 non \u00e8 assolutamento convinto di quanto dichiarato dalla dott.sa Volpicella. Con tenacia continua la sua forte battaglia contro un\u2019amministrazione che a parer suo, continua a non essere all\u2019altezza della situazione.<\/p>\n<p style=\"text-align: justify;\">\u201cRicordo che la delibera di giunta sulla riqualificazione dell\u2019aera (amministrazione Gigantelli) prevedeva che le spese per l\u2019abbattimento e lo smaltimento dei rifiuti fossero a carico del comune. Se \u00e8 vero che il sovvenzionamento \u00e8 solo questione di tempo, perch\u00e9 non hanno proceduto con la prima fase? Troppo tempo e troppe notizie vaghe intorno a questa verit\u00e0. Non mi convincono per nulla ed \u00e8 per questo motivo che mi sono recato in Regione chiedendo l\u2019accesso alla documentazione\u201d.<\/p>\n<p style=\"text-align: justify;\">\u201cNon mi spiego per quale motivo dobbiamo essere noi le cavie della loro inesperienza. Continuano a dire che molti di loro sono neofiti della politica, che hanno voglia di crescere ed apprendere. Nello stesso tempo per\u00f2 il paese continua ad essere abbandonato a se stesso. La bella stagione \u00e8 alle porte. Mi ricordo fino a pochi anni fa che la villa in questo periodo era affollatissima di gente che amava restare fino a tarda ora tra i suoi bellissimi giardini, facendo giocare i bimbi. Adesso chi passeggia per le vie del paese, nutre soltanto tanta malinconia, ricordando Turi com\u2019era\u201d.&nbsp; \u201cOramai siamo al paradosso. In quasi un anno, &#8211; continua l\u2019ex consigliere &#8211; ci stanno facendo rimpiangere il vecchio. Una ventata di giovent\u00f9 entusiasmava tutti, me compreso. Ma col senno di poi, rimpiango l\u2019aver solo pensato che forse Turi aveva ampie possibilit\u00e0 concrete di cambiamento e di innovazione\u201d.&nbsp;<\/p>\n<p style=\"text-align: justify;\">\u201cMenzogne, bugie, scuse per cercare di coprire le loro inettitudini. Hanno parlato di patto di stabilit\u00e0 \u2013 attacca ancora Ventrella &#8211; ma sanno cos\u2019\u00e8? Sanno a cosa si riferisce e quando applicarlo? Non so se chi ha tirato in ballo quest\u2019ultimo argomento sia stato il vice sindaco o altri illustri rappresentanti, ma a parer mio \u00e8 troppo semplice nascondersi dietro veti che pendono dall\u2019alto. A questo punto infatti saremmo in amministrazione controllata e quindi il loro ruolo dovrebbe essere del tutto ininfluente sull\u2019attivit\u00e0 amministrativa del paese. Chiedo: dov\u2019\u00e8 il loro pensiero politico? Dove sono le scelte che contraddistinguono gli obiettivi di una corrente politica o di un\u2019altra? L\u2019abilit\u00e0 degli amministratori non \u00e8 soltanto quella di presenziare alle inaugurazioni o alle feste, ma anche quelle di far vivere nel migliore dei modi i propri cittadini. E questo non mi pare che lo stiano facendo\u201d.<\/p>\n<p style=\"text-align: justify;\">Non manca per\u00f2 di attaccare anche chi siede dall\u2019altro lato del consiglio. \u201cL\u2019opposizione poi \u00e8 da commedia all\u2019italiana. La commissione di controllo quando decideranno di farla lavorare sono sicuro che sar\u00e0 troppo tardi. Sono bravi a montare gazebi in villa per la rotonda di via Casamassima e via Ginestre, nel contempo per\u00f2 chi ha il compito di vigilare, preferisce far finta di nulla. Quando decideranno di nominare il nuovo revisore dei conti? Ricordo che la legge attuale impone che questa carica venga affidata dietro regolare concorso e non per nomina come invece \u00e8 accaduto qui a Turi. Per caso centra anche ora il patto di stabilit\u00e0 per cui non possono far nulla?\u201d<\/p>\n","protected":false},"excerpt":{"rendered":"<p style=\"text-align: justify;\"><img loading=\"lazy\" decoding=\"async\" src=\"http:\/\/farm8.staticflickr.com\/7299\/8734923467_e4d8bc334c_n.jpg\" width=\"320\" height=\"320\" alt=\"Natale Ventrella\" \/><\/p>\n","protected":false},"author":1,"featured_media":0,"comment_status":"open","ping_status":"closed","sticky":false,"template":"","format":"standard","meta":{"colormag_page_container_layout":"default_layout","colormag_page_sidebar_layout":"default_layout","footnotes":""},"categories":[4],"tags":[],"class_list":["post-11064","post","type-post","status-publish","format-standard","hentry","category-politica"],"_links":{"self":[{"href":"https:\/\/archivioturi.lavocedelpaese.info\/index.php\/wp-json\/wp\/v2\/posts\/11064","targetHints":{"allow":["GET"]}}],"collection":[{"href":"https:\/\/archivioturi.lavocedelpaese.info\/index.php\/wp-json\/wp\/v2\/posts"}],"about":[{"href":"https:\/\/archivioturi.lavocedelpaese.info\/index.php\/wp-json\/wp\/v2\/types\/post"}],"author":[{"embeddable":true,"href":"https:\/\/archivioturi.lavocedelpaese.info\/index.php\/wp-json\/wp\/v2\/users\/1"}],"replies":[{"embeddable":true,"href":"https:\/\/archivioturi.lavocedelpaese.info\/index.php\/wp-json\/wp\/v2\/comments?post=11064"}],"version-history":[{"count":0,"href":"https:\/\/archivioturi.lavocedelpaese.info\/index.php\/wp-json\/wp\/v2\/posts\/11064\/revisions"}],"wp:attachment":[{"href":"https:\/\/archivioturi.lavocedelpaese.info\/index.php\/wp-json\/wp\/v2\/media?parent=11064"}],"wp:term":[{"taxonomy":"category","embeddable":true,"href":"https:\/\/archivioturi.lavocedelpaese.info\/index.php\/wp-json\/wp\/v2\/categories?post=11064"},{"taxonomy":"post_tag","embeddable":true,"href":"https:\/\/archivioturi.lavocedelpaese.info\/index.php\/wp-json\/wp\/v2\/tags?post=11064"}],"curies":[{"name":"wp","href":"https:\/\/api.w.org\/{rel}","templated":true}]}}