{"id":11059,"date":"2013-05-14T16:41:51","date_gmt":"2013-05-14T16:41:51","guid":{"rendered":"https:\/\/archivioturi.lavocedelpaese.info\/index.php\/2013\/05\/14\/svaligiato-lo-studio-di-marilena-lerede\/"},"modified":"2013-05-14T16:41:51","modified_gmt":"2013-05-14T16:41:51","slug":"svaligiato-lo-studio-di-marilena-lerede","status":"publish","type":"post","link":"https:\/\/archivioturi.lavocedelpaese.info\/index.php\/2013\/05\/14\/svaligiato-lo-studio-di-marilena-lerede\/","title":{"rendered":"Svaligiato lo studio di Marilena Lerede"},"content":{"rendered":"<p style=\"text-align: justify;\"><img loading=\"lazy\" decoding=\"async\" src=\"http:\/\/farm8.staticflickr.com\/7300\/8734882911_38d643aeec_n.jpg\" width=\"320\" height=\"213\" alt=\"Le carte e i documenti gettati per terra\" \/><\/p>\n<p style=\"text-align: justify;\">Ancora un fatto di cronaca scuote la cittadina turese. Alle prime ore dell\u2019alba di gioved\u00ec 9 maggio alcuni malviventi hanno svaligiato uno studio di amministratore di condominio. La notizia ha fatto subito il giro del paese perch\u00e9 \u00e8 stato preso di mira lo studio dell\u2019amministratrice Marilena Lerede in via Regina Elena. Ebbene s\u00ec, ancora lei. A settembre dello scorso anno aveva subito un atto vandalico vile e deprecabile che vide la sua automobile, una Nissan Micra, andare completamente distrutta in un rogo doloso.<\/p>\n<p style=\"text-align: justify;\">Questa volta si tratta di un episodio completamente differente. Alcuni ladri sono riusciti ad entrare nello studio dove hanno rovistato tra i cassetti dei mobili, portando via banconote ed assegni dal valore ancora da stimare con esattezza. Il colpo \u00e8 stato messo a segno dai malviventi che hanno studiato ogni minimo particolare. Roba da professionisti viene da pensare, come quelli che pi\u00f9 di un mese fa hanno assaltato il bancomat della Banca Credito Cooperativa di Castellana Grotte. Professionisti perch\u00e9, usando molto probabilmente una scala, hanno isolato il sistema d\u2019allarme ricoprendolo con un contenitore di polistirolo, fissato con il silicone ai bordi, in modo da evitare che ci fossero fessure che potessero far uscire il suono dell\u2019allarme in funzione. Successivamente con un fiamma ossidrica hanno scardinato l\u2019inferriata di una finestra che impediva loro di entrare nello studio. Una volta staccata l\u2019inferriata, i ladri hanno forzato la finestra e sono entrati indisturbati, piazzando il colpo e fuggendo senza lasciare tracce. Dalle prime indiscrezioni sembra che nessuno abbia visto o sentito niente. Intorno alle ore 10.30 quando la vittima \u00e8 giunta nel suo ufficio per svolgere il suo lavoro, soltanto allora ha fatto la drammatica scoperta. Sul posto sono intervenuti i carabinieri della stazione di Turi che hanno avviato le indagini. Sono tanti i punti oscuri della vicenda. Perch\u00e9 piazzare un colpo cos\u00ec ben studiato in uno studio di amministratore di condominio? E poi \u00e8 un caso che sia stato colpito lo studio di Marilena Lerede? Le forze dell\u2019ordine sono al lavoro per poter dare delle risposte.&nbsp;<\/p>\n","protected":false},"excerpt":{"rendered":"<p style=\"text-align: justify;\"><img loading=\"lazy\" decoding=\"async\" src=\"http:\/\/farm8.staticflickr.com\/7300\/8734882911_38d643aeec_n.jpg\" width=\"320\" height=\"213\" alt=\"Le carte e i documenti gettati per terra\" \/><\/p>\n","protected":false},"author":1,"featured_media":0,"comment_status":"open","ping_status":"closed","sticky":false,"template":"","format":"standard","meta":{"colormag_page_container_layout":"default_layout","colormag_page_sidebar_layout":"default_layout","footnotes":""},"categories":[8],"tags":[],"class_list":["post-11059","post","type-post","status-publish","format-standard","hentry","category-cronaca"],"_links":{"self":[{"href":"https:\/\/archivioturi.lavocedelpaese.info\/index.php\/wp-json\/wp\/v2\/posts\/11059","targetHints":{"allow":["GET"]}}],"collection":[{"href":"https:\/\/archivioturi.lavocedelpaese.info\/index.php\/wp-json\/wp\/v2\/posts"}],"about":[{"href":"https:\/\/archivioturi.lavocedelpaese.info\/index.php\/wp-json\/wp\/v2\/types\/post"}],"author":[{"embeddable":true,"href":"https:\/\/archivioturi.lavocedelpaese.info\/index.php\/wp-json\/wp\/v2\/users\/1"}],"replies":[{"embeddable":true,"href":"https:\/\/archivioturi.lavocedelpaese.info\/index.php\/wp-json\/wp\/v2\/comments?post=11059"}],"version-history":[{"count":0,"href":"https:\/\/archivioturi.lavocedelpaese.info\/index.php\/wp-json\/wp\/v2\/posts\/11059\/revisions"}],"wp:attachment":[{"href":"https:\/\/archivioturi.lavocedelpaese.info\/index.php\/wp-json\/wp\/v2\/media?parent=11059"}],"wp:term":[{"taxonomy":"category","embeddable":true,"href":"https:\/\/archivioturi.lavocedelpaese.info\/index.php\/wp-json\/wp\/v2\/categories?post=11059"},{"taxonomy":"post_tag","embeddable":true,"href":"https:\/\/archivioturi.lavocedelpaese.info\/index.php\/wp-json\/wp\/v2\/tags?post=11059"}],"curies":[{"name":"wp","href":"https:\/\/api.w.org\/{rel}","templated":true}]}}