{"id":11054,"date":"2013-05-13T17:15:28","date_gmt":"2013-05-13T17:15:28","guid":{"rendered":"https:\/\/archivioturi.lavocedelpaese.info\/index.php\/2013\/05\/13\/il-degrado-assoluto-del-verde-pubblico\/"},"modified":"2013-05-13T17:15:28","modified_gmt":"2013-05-13T17:15:28","slug":"il-degrado-assoluto-del-verde-pubblico","status":"publish","type":"post","link":"https:\/\/archivioturi.lavocedelpaese.info\/index.php\/2013\/05\/13\/il-degrado-assoluto-del-verde-pubblico\/","title":{"rendered":"Il degrado assoluto del verde pubblico!"},"content":{"rendered":"<p style=\"text-align: justify;\"><img loading=\"lazy\" decoding=\"async\" class=\" size-full wp-image-7079\" src=\"https:\/\/archivioturi.lavocedelpaese.info\/wp-content\/uploads\/2011\/10\/genghi.png\" width=\"320\" height=\"151\" alt=\"genghi\" style=\"margin: 0px 3px;\" srcset=\"https:\/\/archivioturi.lavocedelpaese.info\/wp-content\/uploads\/2011\/10\/genghi.png 640w, https:\/\/archivioturi.lavocedelpaese.info\/wp-content\/uploads\/2011\/10\/genghi-300x142.png 300w\" sizes=\"auto, (max-width: 320px) 100vw, 320px\" \/><\/p>\n<p style=\"text-align: justify;\">Mercoled\u00ec, presso il <em>bar D\u00e9ja V\u00f9<\/em> di <em>Turi<\/em>, l\u2019associazione ambientalista \u201cFare Verde\u201d ha convocato una conferenza stampa per denunciare il grave stato di abbandono del verde pubblico, dal centro alla periferia, fino al cimitero ed in particolar modo degli alberi delle due ville comunali. Hanno conferito Angelo Genchi, responsabile \u201cFare Verde\u201d cittadino e l\u2019avv. Paolo Scagliarini, dirigente provinciale della stessa associazione.<\/p>\n<p style=\"text-align: justify;\">La continua moria degli alberi sta mettendo a rischio la sopravvivenza del patrimonio arboreo che conta ben 15 specie tra cui abeti e pini lamertiani, protetti da leggi vigenti.<\/p>\n<p style=\"text-align: justify;\">Quest\u2019ultimo elemento ci fa capire che l\u2019incuria pu\u00f2 costituire reato perseguibile penalmente. Genchi ha dichiarato: \u201cLe ville sono sfregiate. Ho gi\u00e0 denunciato un attacco di cocciniglia. Il precedente assessore che vantava conoscenze agrarie, sosteneva che ci\u00f2 dipendesse dallo smog delle auto. Niente di pi\u00f9 errato. Il 9 dicembre 2011 pubblicai un intervento dal titolo \u2018Mai pi\u00f9 un sindaco secca tutto\u2019, criticando l\u2019operato, disastroso, del precedente sindaco Gigantelli. Ora la situazione \u00e8 peggiorata. Non ci hanno voluto far fare la conferenza in sala consiliare. Volevamo il sindaco. Mi trover\u00f2 a dover denunciare la situazione alla guardia forestale perch\u00e9 le piante sono protette.\u201d<\/p>\n<p style=\"text-align: justify;\">Lo stesso ha proseguito che gli alberi ci fanno sentire in un paese civile. Parlando del restauro della villa fatto 12 anni fa, il referente ha sostenuto che l\u2019impianto irriguo purtroppo \u00e8 stato mal fatto. Per questo motivo, il prato inglese si \u00e8 esaurito e c\u2019\u00e8 di tutto: erba alta, bambini che non educati a rispettare un patrimonio che \u00e8 della comunit\u00e0, giocano nelle aiuole, nonostante i cartelli pubblici (ma ci\u00f2 deriva chiaramente dall\u2019incuria); i cani, poi, vi lasciano i propri escrementi.<\/p>\n<p style=\"text-align: justify;\">Il senso civico, quando non \u00e8 supportato da coscienza critica, diventa di quart\u2019ordine. \u00c9 necessario svegliarsi per il bene delle nostre famiglie e per il futuro dei nostri figli a cui consegneremo questo patrimonio perch\u00e9 la citt\u00e0 \u00e8 dei cittadini e la propriet\u00e0 pubblica gli appartiene. L\u2019avvocato&nbsp; Scagliarini ha proposto delle soluzioni, &nbsp;tra cui l\u2019adozione dello spazio pubblico da parte di privati. \u201cLe attivit\u00e0 commerciali potrebbero mettere in villa i tavolini senza pagare il suolo pubblico, in cambio della presa in cura del verde pubblico. Noi non siamo abituati a considerare \u2018nostro\u2019 il marciapiede ed, invece, \u00e8 nostro e di chi verr\u00e0 dopo.\u201d<\/p>\n<p style=\"text-align: justify;\">Anche uno dei presenti, Pino Capurso si \u00e8 detto disponibile ad adottare la fascia di verde vicino al Nottingham. Ci sono state delle proposte anche sull\u2019uso di prodotti ecocompatibili approvati dalla Comunit\u00e0 Europea, per salvare il salvabile. Trattandosi, infatti, di una zona centrale del paese non possono essere impiegati prodotti chimici, sicuramente pi\u00f9 veloci nella risoluzione del problema, ma deleteri.<\/p>\n<p style=\"text-align: justify;\">Genchi accusa gli amministratoti di scarsa competenza e lassismo e spinge verso una soluzione immediata.<\/p>\n","protected":false},"excerpt":{"rendered":"<p style=\"text-align: justify;\"><img loading=\"lazy\" decoding=\"async\" class=\" size-full wp-image-7079\" src=\"https:\/\/archivioturi.lavocedelpaese.info\/wp-content\/uploads\/2011\/10\/genghi.png\" width=\"320\" height=\"151\" alt=\"genghi\" style=\"margin: 0px 3px;\" srcset=\"https:\/\/archivioturi.lavocedelpaese.info\/wp-content\/uploads\/2011\/10\/genghi.png 640w, https:\/\/archivioturi.lavocedelpaese.info\/wp-content\/uploads\/2011\/10\/genghi-300x142.png 300w\" sizes=\"auto, (max-width: 320px) 100vw, 320px\" \/><\/p>\n","protected":false},"author":1,"featured_media":7079,"comment_status":"open","ping_status":"closed","sticky":false,"template":"","format":"standard","meta":{"colormag_page_container_layout":"default_layout","colormag_page_sidebar_layout":"default_layout","footnotes":""},"categories":[7],"tags":[],"class_list":["post-11054","post","type-post","status-publish","format-standard","has-post-thumbnail","hentry","category-attualita"],"_links":{"self":[{"href":"https:\/\/archivioturi.lavocedelpaese.info\/index.php\/wp-json\/wp\/v2\/posts\/11054","targetHints":{"allow":["GET"]}}],"collection":[{"href":"https:\/\/archivioturi.lavocedelpaese.info\/index.php\/wp-json\/wp\/v2\/posts"}],"about":[{"href":"https:\/\/archivioturi.lavocedelpaese.info\/index.php\/wp-json\/wp\/v2\/types\/post"}],"author":[{"embeddable":true,"href":"https:\/\/archivioturi.lavocedelpaese.info\/index.php\/wp-json\/wp\/v2\/users\/1"}],"replies":[{"embeddable":true,"href":"https:\/\/archivioturi.lavocedelpaese.info\/index.php\/wp-json\/wp\/v2\/comments?post=11054"}],"version-history":[{"count":0,"href":"https:\/\/archivioturi.lavocedelpaese.info\/index.php\/wp-json\/wp\/v2\/posts\/11054\/revisions"}],"wp:featuredmedia":[{"embeddable":true,"href":"https:\/\/archivioturi.lavocedelpaese.info\/index.php\/wp-json\/wp\/v2\/media\/7079"}],"wp:attachment":[{"href":"https:\/\/archivioturi.lavocedelpaese.info\/index.php\/wp-json\/wp\/v2\/media?parent=11054"}],"wp:term":[{"taxonomy":"category","embeddable":true,"href":"https:\/\/archivioturi.lavocedelpaese.info\/index.php\/wp-json\/wp\/v2\/categories?post=11054"},{"taxonomy":"post_tag","embeddable":true,"href":"https:\/\/archivioturi.lavocedelpaese.info\/index.php\/wp-json\/wp\/v2\/tags?post=11054"}],"curies":[{"name":"wp","href":"https:\/\/api.w.org\/{rel}","templated":true}]}}