{"id":11052,"date":"2013-05-13T09:03:13","date_gmt":"2013-05-13T09:03:13","guid":{"rendered":"https:\/\/archivioturi.lavocedelpaese.info\/index.php\/2013\/05\/13\/il-segreto-della-cultura-musicale\/"},"modified":"2013-05-13T09:03:13","modified_gmt":"2013-05-13T09:03:13","slug":"il-segreto-della-cultura-musicale","status":"publish","type":"post","link":"https:\/\/archivioturi.lavocedelpaese.info\/index.php\/2013\/05\/13\/il-segreto-della-cultura-musicale\/","title":{"rendered":"Il segreto della cultura musicale"},"content":{"rendered":"<p style=\"text-align: justify;\"><img loading=\"lazy\" decoding=\"async\" style=\"margin: 0px 3px;\" src=\"http:\/\/farm8.staticflickr.com\/7425\/8731250043_64ae532ec5_m.jpg\" alt=\"\" width=\"320\" height=\"150\" \/><\/p>\n<p style=\"text-align: justify;\">Domenica 5 maggio il vento portava con se la musica di due talenti internazionali, riconosciuti dalle interpretazioni che smuovono i cuori pi\u00f9 avversi e indifferenti. Al violino la M\u00b0 Mariarosaria D\u2019aprile e al pianoforte il M\u00b0 Tommaso Cogato. Un duo musicalmente vivo e dinamico, caratteristico per l\u2019interpretazione che coinvolge mente e anima.<\/p>\n<p style=\"text-align: justify;\">Presso la sala teatro della Chiesa Madre di Turi, adornata dai vivaci quadri su tela di Sharon Rella, ha inizio la I Rassegna musicale e teatrale \u201cLe domeniche a teatro\u201d, una grande opportunit\u00e0 per i turesi amanti dei concerti da camera, a cura dell\u2019Associazione \u201cChi \u00e8 di scena?!\u201d di Ferdinando Redavid.<\/p>\n<p style=\"text-align: justify;\">In apertura di \u201cSinopsi Concerto\u201d, tema della prima serata in compagnia degli interpreti D\u2019Aprile e Cogato. Le prime linee sinusoidali si sono mosse con la Sonata a preghiera su un motivo del Mos\u00e8 di G. Rossini \u201cDal tuo stellato soglio\u201d.<\/p>\n<p style=\"text-align: justify;\">L\u2019introduzione della sonata ha seguito una cadenza ritmica malinconica e ripetitiva, sino ad aprirsi in un gioco armonico. A seguito, in occasione del bicentenario di Verdi, il pianista Cogato ha scelto di interpretare&nbsp; \u201cLa Grande Fantasia\u201d sulla \u201cTraviata\u201d di Verdi, opera del celeberrimo pianista e compositore austriaco Sigismund&nbsp; Thalberg, note struggenti e dense di passione.<\/p>\n<p style=\"text-align: justify;\">Il penultimo brano eseguito \u00e8 stato la Sonata op.100 di Brahms, un\u2019esposizione armonica di suoni leggermente percettibili e delicati sino a divenire imponenti e sfacciati.<\/p>\n<p style=\"text-align: justify;\">In chiusura la grande opera \u201cLa Fantasia\u201d sulla \u201cCarmen\u201d, introdotto come colonna sonora nel film Humoresque di Waxman.<\/p>\n<p style=\"text-align: justify;\">La dinamica \u00e8 colorata da suoni virtuosistici; dalla fuga, all\u2019amore, al dolore; come se il vento ti trasportasse dove nessuno pu\u00f2 sentirti e si \u00e8 davanti alle proprie emozioni che non chiedono altro di essere vissute. Qui il sipario di chiude e gli applausi si elevano interrottamente. Subito la parola alla violinista che ha ringraziato tutti d\u2019essere presenti per questo progetto che Ferdinando Redavid assieme ai suoi collaboratori, Lorenzo Salvatori, Nicola D\u2019Alessandro, Zeudi Rella, stanno portando avanti con tanto amore. Inoltre la violinista sensibilizza al sostegno di questa iniziativa.<\/p>\n<p style=\"text-align: justify;\">Passa poi i microfoni al consigliere Antonio Tateo, onnipresente quando si tratta di cultura e talenti turesi. Questi ringrazia tutti e spera che il richiamo alla musica sia ancora pi\u00f9 forte nei prossimi concerti e spettacoli teatrali, poich\u00e9 \u00e8 un bene culturale che solleva gli animi e il corpo.<\/p>\n<p style=\"text-align: justify;\">Infine Ferdinando Redavid ringrazia davvero tutti, in particolare l\u2019amministrazione comunale, l\u2019arcipretura curata nella persona di Don Giovanni Amodio e tutti gli sponsor che hanno concretamente creduto in questo progetto: Fimer, Menelao a Santa Chiara, Xilus infissi in legno, La Pernice, Al Setaccio, Parafarmacia Dott.ssa&nbsp; Ragusa, Rosso Sapore e La Casa Musicale Luisi per la messa a disposizione del pianoforte.<\/p>\n<p style=\"text-align: justify;\">\u201cChi \u00e8 di scena!?\u201d vi aspetta numerosi il 26 maggio con la conferenza-spettacolo \u201cBrutti&nbsp; come il debito\u201d.<\/p>\n<p style=\"text-align: justify;\">&nbsp;<\/p>\n<p><object width=\"400\" height=\"300\"><param name=\"flashvars\" value=\"offsite=true&amp;lang=it-it&amp;page_show_url=%2Fphotos%2F91470992%40N02%2Fsets%2F72157633454776840%2Fshow%2F&amp;page_show_back_url=%2Fphotos%2F91470992%40N02%2Fsets%2F72157633454776840%2F&amp;set_id=72157633454776840&amp;jump_to=\" \/><param name=\"movie\" value=\"http:\/\/www.flickr.com\/apps\/slideshow\/show.swf?v=124984\" \/><param name=\"allowFullScreen\" value=\"true\" \/><embed type=\"application\/x-shockwave-flash\" src=\"http:\/\/www.flickr.com\/apps\/slideshow\/show.swf?v=124984\" allowfullscreen=\"true\" flashvars=\"offsite=true&amp;lang=it-it&amp;page_show_url=%2Fphotos%2F91470992%40N02%2Fsets%2F72157633454776840%2Fshow%2F&amp;page_show_back_url=%2Fphotos%2F91470992%40N02%2Fsets%2F72157633454776840%2F&amp;set_id=72157633454776840&amp;jump_to=\" width=\"400\" height=\"300\" \/><\/object><\/p>\n<p style=\"text-align: center;\"><span style=\"font-size: 14pt;\"><strong>Bilancio, 5mila euro per musica e teatro <\/strong><\/span><\/p>\n<p style=\"text-align: justify;\">\u201cSolo 5mila euro!?\u201d, ci scapperebbe di dire. Vale tanto la nostra vita intima, economica e sociale? Solo 5mila euro. Il valore dell\u2019intera rassegna va oltre i 20mila euro. Il costo reale si aggira intorno ai 12mila euro e il Comune ci mette 5mila euro di risorse pubbliche. Il resto lo hanno fatto i privati, ovvero gli sponsor che hanno creduto nella \u2018Prima rassegna musicale teatrale\u2019 voluta dal consigliere delegato alla Cultura Antonio Tateo: \u201cCon questa rassegna \u2013 ha ribadito proprio Tateo dopo il primo appuntamento \u2013 l\u2019amministrazione comunale, in conformit\u00e0 alle proprie linee programmatiche, intende favorire iniziative ed eventi atti a valorizzare e diffondere tutte le espressioni culturali, musicali e teatrali del territorio. Nella consapevolezza \u2013 ha continuato \u2013 che la Cultura \u00e8 occasione di crescita individuale, occasione di lavoro e, conseguentemente, di sviluppo territoriale\u201d.&nbsp;<\/p>\n<p style=\"text-align: justify;\">Ma allora ci viene da pensare che 5mila euro siano un po\u2019 pochini. Certo, nei comuni limitrofi \u2013 si potrebbe obiettare \u2013 forse non ci sono nemmeno quelli per questo genere di iniziative. E chi scrive lo sa bene. Come si muove l\u2019economia se il pubblico non fa un passo in avanti? Un\u2019azienda privata si indebita per investire su ricerca e sviluppo (cio\u00e8 per migliorare prodotti e servizi), a fronte di un piano di espansione che prevede un incremento dei fatturati. E negli Stati Uniti, nei periodi di crisi, si investe in quantit\u00e0 ben maggiori rispetto a quelli di \u2018vacche grasse\u2019. Questo perch\u00e9 \u2013 quando sar\u00e0 passata la crisi \u2013 chi avr\u00e0 investito (anche) in pubblicit\u00e0 e comunicazione avr\u00e0 dimostrato di essere un\u2019azienda solida agli occhi del consumatore. E la solidit\u00e0, permetteteci, \u00e8 il risultato di politiche aziendali sane. Stesso dicasi per il pubblico, che deve continuare a investire sulle risorse del territorio per favorire l\u2019arricchimento dei cittadini. Un arricchimento culturale, si intende. Aspetto valoriale di un\u2019amministrazione che dialoga con i cittadini e li conduce su un binario di crescita e che viaggia parallelo a quello della maturazione collettiva.<\/p>\n<p style=\"text-align: justify;\">Tateo parla di posti di lavoro, di occupazione. Noi parliamo di una serata vuota. Non in sala che, sebbene il pienone ci stesse tutto (visto il portentoso livello di esecuzione del duo esibitosi), avrebbe avuto bisogno di ben pi\u00f9 ampia diffusione. Alle 22 di domenica, fuori dal teatro, nonostante la calda serata, nella via centralissima che conduce alla villa comunale abbiamo notato il deserto. La divagazione, in ogni caso, non ci distragga dall\u2019elemento principe: l\u2019investimento sui giovani talenti che per far fortuna sono scappati (\u2018male\u2019 del nostro tempo) in Spagna, a Siviglia, e sono tornati a casa per contribuire allo svecchiamento dell\u2019approccio culturale di questo paese. Hanno accettato l\u2019invito di Ferdinando Redavid, direttore artistico della rassegna, che quest\u2019anno compie 25 anni di carriera musicale, ma giovanissimo di et\u00e0 (ha appena 34 anni), che ha pensato anche a loro quando ha messo in piedi il programma: \u201cHo pensato alle eccellenze locali e internazionali, ed \u00e8 per questo che ho voluto aprire con loro (riferendosi a Mariarosaria D\u2019Aprile e Tommaso Cogato, ndr), che risiedono a Siviglia e lavorano con Daniel Baremboim (direttore artistico della Scala di Milano, ndr)\u201d. Ma qual \u00e8 il filo rosso che unisce la rassegna? Precisiamo: si tratta di 10 appuntamenti che accompagnano lo spettatore fino a dicembre prossimo (l\u2019ultimo evento \u00e8 in programma per il 22): \u201cPortare delle manifestazioni nel nostro paese che possano variare dalla musica classica al jazz al teatro..\u201d. Gli spettacoli sono a pagamento, solo 5 euro (con possibilit\u00e0 di abbonamento): \u201cTra questi ci sar\u00e0 anche Antonio Stornaiolo\u201d. Due sono a titolo gratuito, uno di questi previsto per agosto all\u2019aperto nel centro storico e dedicato al bicentenario dalla nascita di Giuseppe Verdi (l\u2019altro si \u00e8 gi\u00e0 svolto come apertura della rassegna). \u201cMi sono avvalso \u2013 ha riferito ancora Redavid \u2013 delle amicizie collezionate in questi anni, motivo per cui siamo riusciti a contenere i costi\u201d.<\/p>\n<p style=\"text-align: justify;\">\u201cSar\u00e0 tutto regolarmente documentato\u201d, ha sottolineato Tateo. \u201cNon riteniamo di aver sprecato risorse pubbliche \u2013 ha proseguito \u2013 anzi, bisogna investire in cultura per offrire crescita individuale e posti di lavoro. Gli artisti sono dei lavoratori e occorre dare un segnale. Nella cultura bisogna investire. E certamente abbiamo bisogno di partecipazione del pubblico: ritengo che prima di chiedere un luogo per fare manifestazioni occorra partecipare. L\u2019appuntamento ora, dunque, \u00e8 con \u2018Brutti come il debito\u2019, per domenica prossima, 26 maggio, con argomenti di stringente attualit\u00e0: attraverso il teatro scoprire cosa avviene nel mondo bancario, assicurativo e negli acquisti quotidiani\u201d. Sipario alle 20.<\/p>\n<p style=\"text-align: justify;\">\u201cScommettiamo su questa operazione culturale nel nostro paese\u201d, \u00e8 stato il leit motiv dell\u2019intera operazione. Dalla partecipazione del pubblico potrebbe dipendere, per l\u2019avvenire, un eventuale progetto di project financing, che (tanto per chiarire) riguarda quelle opere che in futuro si autofinanzino. Intanto l\u2019amministrazione fa sapere di essere attenta e aperta ai progetti di cultura che potrebbero essere presentati.<\/p>\n<p style=\"text-align: right;\"><strong><em>Marilena Rodi&nbsp;<\/em><\/strong><\/p>\n","protected":false},"excerpt":{"rendered":"<p style=\"text-align: justify;\"><img loading=\"lazy\" decoding=\"async\" style=\"margin: 0px 3px;\" src=\"http:\/\/farm8.staticflickr.com\/7425\/8731250043_64ae532ec5_m.jpg\" alt=\"\" width=\"320\" height=\"150\" \/><\/p>\n","protected":false},"author":1,"featured_media":0,"comment_status":"open","ping_status":"closed","sticky":false,"template":"","format":"standard","meta":{"colormag_page_container_layout":"default_layout","colormag_page_sidebar_layout":"default_layout","footnotes":""},"categories":[6],"tags":[],"class_list":["post-11052","post","type-post","status-publish","format-standard","hentry","category-cultura"],"_links":{"self":[{"href":"https:\/\/archivioturi.lavocedelpaese.info\/index.php\/wp-json\/wp\/v2\/posts\/11052","targetHints":{"allow":["GET"]}}],"collection":[{"href":"https:\/\/archivioturi.lavocedelpaese.info\/index.php\/wp-json\/wp\/v2\/posts"}],"about":[{"href":"https:\/\/archivioturi.lavocedelpaese.info\/index.php\/wp-json\/wp\/v2\/types\/post"}],"author":[{"embeddable":true,"href":"https:\/\/archivioturi.lavocedelpaese.info\/index.php\/wp-json\/wp\/v2\/users\/1"}],"replies":[{"embeddable":true,"href":"https:\/\/archivioturi.lavocedelpaese.info\/index.php\/wp-json\/wp\/v2\/comments?post=11052"}],"version-history":[{"count":0,"href":"https:\/\/archivioturi.lavocedelpaese.info\/index.php\/wp-json\/wp\/v2\/posts\/11052\/revisions"}],"wp:attachment":[{"href":"https:\/\/archivioturi.lavocedelpaese.info\/index.php\/wp-json\/wp\/v2\/media?parent=11052"}],"wp:term":[{"taxonomy":"category","embeddable":true,"href":"https:\/\/archivioturi.lavocedelpaese.info\/index.php\/wp-json\/wp\/v2\/categories?post=11052"},{"taxonomy":"post_tag","embeddable":true,"href":"https:\/\/archivioturi.lavocedelpaese.info\/index.php\/wp-json\/wp\/v2\/tags?post=11052"}],"curies":[{"name":"wp","href":"https:\/\/api.w.org\/{rel}","templated":true}]}}