{"id":11048,"date":"2013-05-08T16:33:09","date_gmt":"2013-05-08T16:33:09","guid":{"rendered":"https:\/\/archivioturi.lavocedelpaese.info\/index.php\/2013\/05\/08\/via-conversano-pericolo-incidenti-stradali\/"},"modified":"2013-05-08T16:33:09","modified_gmt":"2013-05-08T16:33:09","slug":"via-conversano-pericolo-incidenti-stradali","status":"publish","type":"post","link":"https:\/\/archivioturi.lavocedelpaese.info\/index.php\/2013\/05\/08\/via-conversano-pericolo-incidenti-stradali\/","title":{"rendered":"Via Conversano, pericolo incidenti stradali"},"content":{"rendered":"<p style=\"text-align: justify;\"><img loading=\"lazy\" decoding=\"async\" src=\"http:\/\/farm9.staticflickr.com\/8413\/8712606951_865bc51194_m.jpg\" width=\"320\" height=\"150\" style=\"margin: 0px 3px;\" \/><\/p>\n<p style=\"text-align: justify;\">Ricominciano i lavori di via Conversano e tornano puntualmente i disagi alla circolazione e gli incidenti stradali. Da circa dieci giorni \u00e8 stato riaperto il cantiere sull\u2019arteria principale per completare i lavori che iniziarono nel 2011 per la realizzazione della rete fognaria. Tali lavori furono interrotti ad inizio 2012 dopo una consistente protesta sollevata dai residenti della zona per gli innumerevoli disagi causati dal cantiere. Essendo i lavori fermi da alcune settimane, l&#8217;amministrazione Resta, appena insediata, decise a giugno di chiudere il cantiere e ripristinare la viabilit\u00e0 di via Conversano.I lavori avrebbero dovuto riprendere una volta terminati quelli di Largo Pozzi. Cos\u00ec \u00e8 stato.<\/p>\n<p style=\"text-align: justify;\">Il cantiere interessa la parte iniziale di via Conversano, e pertanto, il traffico automobilistico \u00e8 stato fatto deviare in via Antonio Diomeda, per chi va in direzione Conversano, e in via Guglielmo De Donato, per le automobili che provengono da Conversano. L\u2019aumento del traffico sulle strade secondarie, come gi\u00e0 avevamo denunciato sul nostro settimanale lo scorso anno, incrementa il verificarsi di incidenti stradali in prossimit\u00e0 delle intersezioni. Infatti i residenti della zona ci hanno segnalato gi\u00e0 diversi sinistri che si sono verificati in via Diomeda e via Camposeo. In quasi tutti i casi la causa \u00e8 riconducibile alla mancata precedenza. Inoltre un camion, nell\u2019affrontare una curva ha urtato con il mezzo, un\u2019automobile in sosta, causando danni ingenti alla carrozzeria. Non sembrano esserci soluzioni alternative per far defluire il traffico in modo sicuro sulle strade secondarie. Qualcuno ha proposto di installare un semaforo in via Diomeda, strada abbastanza stretta, per evitare di creare un eventuale ingorgo nel caso in cui dovessero incrociarsi due mezzi pesanti. Infatti gi\u00e0 l\u2019anno scorso, quando lo stesso tratto di via Conversano fu chiuso, un mezzo articolato non riusc\u00ec a completare una svolta a sinistra, e caus\u00f2 un grande disagio al traffico. Solo grazie all\u2019intervento della Polizia Locale, la situazione si sblocc\u00f2 dopo alcuni minuti.<\/p>\n<p style=\"text-align: justify;\">I lavori dovrebbero terminare entro un mese circa, e, considerato l&#8217;avvicinarsi del periodo della raccolta delle ciliegie \u00e8 auspicabile che gli amministratori controllino, affinch\u00e8 i tempi siano rispettati, perch\u00e8 in assenza di questo impegno la responsabilit\u00e0 sar\u00e0 non che la loro. Nel frattempo invitiamo gli automobilisti a prestare maggiore attenzione e come recita il codice della strada di usare la massima prudenza nei pressi degli incroci.<\/p>\n","protected":false},"excerpt":{"rendered":"<p style=\"text-align: justify;\"><img loading=\"lazy\" decoding=\"async\" src=\"http:\/\/farm9.staticflickr.com\/8413\/8712606951_865bc51194_m.jpg\" width=\"320\" height=\"150\" style=\"margin: 0px 3px;\" \/><\/p>\n","protected":false},"author":1,"featured_media":0,"comment_status":"open","ping_status":"closed","sticky":false,"template":"","format":"standard","meta":{"colormag_page_container_layout":"default_layout","colormag_page_sidebar_layout":"default_layout","footnotes":""},"categories":[7],"tags":[],"class_list":["post-11048","post","type-post","status-publish","format-standard","hentry","category-attualita"],"_links":{"self":[{"href":"https:\/\/archivioturi.lavocedelpaese.info\/index.php\/wp-json\/wp\/v2\/posts\/11048","targetHints":{"allow":["GET"]}}],"collection":[{"href":"https:\/\/archivioturi.lavocedelpaese.info\/index.php\/wp-json\/wp\/v2\/posts"}],"about":[{"href":"https:\/\/archivioturi.lavocedelpaese.info\/index.php\/wp-json\/wp\/v2\/types\/post"}],"author":[{"embeddable":true,"href":"https:\/\/archivioturi.lavocedelpaese.info\/index.php\/wp-json\/wp\/v2\/users\/1"}],"replies":[{"embeddable":true,"href":"https:\/\/archivioturi.lavocedelpaese.info\/index.php\/wp-json\/wp\/v2\/comments?post=11048"}],"version-history":[{"count":0,"href":"https:\/\/archivioturi.lavocedelpaese.info\/index.php\/wp-json\/wp\/v2\/posts\/11048\/revisions"}],"wp:attachment":[{"href":"https:\/\/archivioturi.lavocedelpaese.info\/index.php\/wp-json\/wp\/v2\/media?parent=11048"}],"wp:term":[{"taxonomy":"category","embeddable":true,"href":"https:\/\/archivioturi.lavocedelpaese.info\/index.php\/wp-json\/wp\/v2\/categories?post=11048"},{"taxonomy":"post_tag","embeddable":true,"href":"https:\/\/archivioturi.lavocedelpaese.info\/index.php\/wp-json\/wp\/v2\/tags?post=11048"}],"curies":[{"name":"wp","href":"https:\/\/api.w.org\/{rel}","templated":true}]}}