{"id":11034,"date":"2013-05-07T06:00:26","date_gmt":"2013-05-07T06:00:26","guid":{"rendered":"https:\/\/archivioturi.lavocedelpaese.info\/index.php\/2013\/05\/07\/la-asl-intralcia-la-donazione-del-sangue\/"},"modified":"2013-05-07T06:00:26","modified_gmt":"2013-05-07T06:00:26","slug":"la-asl-intralcia-la-donazione-del-sangue","status":"publish","type":"post","link":"https:\/\/archivioturi.lavocedelpaese.info\/index.php\/2013\/05\/07\/la-asl-intralcia-la-donazione-del-sangue\/","title":{"rendered":"La Asl intralcia la donazione del sangue"},"content":{"rendered":"<p style=\"text-align: justify;\"><img loading=\"lazy\" decoding=\"async\" src=\"http:\/\/farm9.staticflickr.com\/8398\/8704290727_5dfe55d2c8_m.jpg\" width=\"320\" height=\"150\" style=\"margin: 0px 3px;\" \/><\/p>\n<p style=\"text-align: justify;\">Si spera sempre e si ringrazia per lo stesso numero di volte chiunque decida di dedicare il proprio tempo e i propri interessi ad aiutare l\u2019altro. Sembra pertanto assurdo ed ingiustificabile quanto \u00e8 accaduto la scorsa domenica, 28 aprile, presso il Poliambulatorio di Turi.<\/p>\n<p style=\"text-align: justify;\">Una mattinata come molte altre, per la Fidas di Turi, pronta ad accogliere soci e volontari saltuari per la giornata della donazione. Come si pu\u00f2 comprendere dalle foto, per\u00f2, qualcosa \u00e8 andato in maniera inconsueta. \u201cNei giorni precedenti la donazione \u2013 spiega il presidente dell\u2019associazione, Michele Troiano &#8211; dopo vari e ripetuti colloqui con il capo del personale della Asl di Gioia del Colle eravamo giunti all\u2019accordo che avrebbe messo a disposizione dell\u2019associazione e dei donatori il Sig. Valentini Luigi, impiegato dell&#8217;Asl di Turi per aprire e chiudere il Poliambulatorio\u201d. Qui, per circa una domenica al mese, la Fidas di Turi svolge la sua raccolta di sangue, rispondendo alle richieste dei centri trasfusionali della provincia. Sin dall\u2019inizio del nuovo anno, per\u00f2, i tagli alla spesa sanitaria regionale avevano posto dubbi ed incertezze sulla possibilit\u00e0 di proseguire, per il 2013, con il previsto calendario di appuntamenti per i volontari. Infatti, proprio a causa dell\u2019impossibilit\u00e0 di pagare lo straordinario agli infermieri, il Presidente dell\u2019associazione turese si era mobilitato per evitare di perdere l\u2019appuntamento con la donazione di aprile. Sembrava tutto risolto, compreso il problema delle stanze adibite alla donazione, che appunto sarebbero state aperte dallo stesso impiegato al quale \u201cqualcuno degli infermieri avrebbe passato queste chiavi\u201d.<\/p>\n<p style=\"text-align: justify;\">\u201cAl mio arrivo alle ore 07.40 \u2013 prosegue il presidente &#8211; mi accoglie il gentilissimo Sig. Valentini, alla sua prima esperienza con noi, dicendomi che nessuno gli ha voluto dare le chiavi perch\u00e8 non autorizzati per iscritto da nessun dirigente.\u201d Nel frattempo, i primi volontari giungevano come di consueto presso la sede di via P. De Donato Giannini \u201cma andava via perch\u00e8 le stanze erano chiuse\u201d.&nbsp; \u201cSolo dopo aver preso la decisione di farli donare nell&#8217;androne &#8211; come si nota dalle foto &#8211; l&#8217;equipe di Putignano si \u00e8 data da fare per recuperare il tempo perduto\u201d. Nel frattempo, dopo circa un&#8217;ora \u201csiamo riusciti a rintracciare il dirigente Asl che per telefono ha autorizzato qualcuno a dare le chiavi al Sign. Valentini, ma ormai la gente donava nei corridoi\u201d.<\/p>\n<p style=\"text-align: justify;\">Una vicenda che lascia perplessi, soprattutto perch\u00e9 si parla di un volontariato ostacolato, di un servizio rivolto a tutti, disturbato non solo dai tagli della spesa pubblica, ma anche da disattenzioni e superficialit\u00e0 realizzati questa volta dalla dirigenza Asl che ha frenato l\u2019attivit\u00e0 di un\u2019associazione di volontari. Ci domandiamo, infine se sia comune e prassi abituale lasciare alla volont\u00e0 di dipendenti le chiavi delle stanze e studi di una struttura sanitaria pubblica, piuttosto che lasciarle custodite in una bacheca interna alla stessa, a disposizione di chi giornalmente le necessita.<\/p>\n","protected":false},"excerpt":{"rendered":"<p style=\"text-align: justify;\"><img loading=\"lazy\" decoding=\"async\" src=\"http:\/\/farm9.staticflickr.com\/8398\/8704290727_5dfe55d2c8_m.jpg\" width=\"320\" height=\"150\" style=\"margin: 0px 3px;\" \/><\/p>\n","protected":false},"author":1,"featured_media":0,"comment_status":"open","ping_status":"closed","sticky":false,"template":"","format":"standard","meta":{"colormag_page_container_layout":"default_layout","colormag_page_sidebar_layout":"default_layout","footnotes":""},"categories":[7],"tags":[],"class_list":["post-11034","post","type-post","status-publish","format-standard","hentry","category-attualita"],"_links":{"self":[{"href":"https:\/\/archivioturi.lavocedelpaese.info\/index.php\/wp-json\/wp\/v2\/posts\/11034","targetHints":{"allow":["GET"]}}],"collection":[{"href":"https:\/\/archivioturi.lavocedelpaese.info\/index.php\/wp-json\/wp\/v2\/posts"}],"about":[{"href":"https:\/\/archivioturi.lavocedelpaese.info\/index.php\/wp-json\/wp\/v2\/types\/post"}],"author":[{"embeddable":true,"href":"https:\/\/archivioturi.lavocedelpaese.info\/index.php\/wp-json\/wp\/v2\/users\/1"}],"replies":[{"embeddable":true,"href":"https:\/\/archivioturi.lavocedelpaese.info\/index.php\/wp-json\/wp\/v2\/comments?post=11034"}],"version-history":[{"count":0,"href":"https:\/\/archivioturi.lavocedelpaese.info\/index.php\/wp-json\/wp\/v2\/posts\/11034\/revisions"}],"wp:attachment":[{"href":"https:\/\/archivioturi.lavocedelpaese.info\/index.php\/wp-json\/wp\/v2\/media?parent=11034"}],"wp:term":[{"taxonomy":"category","embeddable":true,"href":"https:\/\/archivioturi.lavocedelpaese.info\/index.php\/wp-json\/wp\/v2\/categories?post=11034"},{"taxonomy":"post_tag","embeddable":true,"href":"https:\/\/archivioturi.lavocedelpaese.info\/index.php\/wp-json\/wp\/v2\/tags?post=11034"}],"curies":[{"name":"wp","href":"https:\/\/api.w.org\/{rel}","templated":true}]}}