{"id":10984,"date":"2013-04-16T17:08:20","date_gmt":"2013-04-16T17:08:20","guid":{"rendered":"https:\/\/archivioturi.lavocedelpaese.info\/index.php\/2013\/04\/16\/uniti-per-tutelare-la-salute\/"},"modified":"2013-04-16T17:08:20","modified_gmt":"2013-04-16T17:08:20","slug":"uniti-per-tutelare-la-salute","status":"publish","type":"post","link":"https:\/\/archivioturi.lavocedelpaese.info\/index.php\/2013\/04\/16\/uniti-per-tutelare-la-salute\/","title":{"rendered":"Uniti per tutelare la salute"},"content":{"rendered":"<p><img decoding=\"async\" src=\"http:\/\/www.mondoinformazione.com\/wp-content\/uploads\/2013\/04\/antenne-rai-per-fornire-segnale-wifi-600x400.jpg\" width=\"320\" \/><\/p>\n<p style=\"text-align: justify;\">L\u2019elettrosmog \u00e8 una forma&nbsp;di inquinamento&nbsp;dovuta dalla presenza&nbsp;indesiderata di radiazioni elettromagnetiche&nbsp;nell\u2019ambiente,&nbsp;prodotte da elettrodotti, dispositivi&nbsp;elettronici ed impianti radiotrasmettitori.<br \/>I campi elettromagnetici&nbsp;sono da tempo sospettati di&nbsp;indurre effetti dannosi negli&nbsp;organismi, in particolare alcune&nbsp;forme di cancro come la&nbsp;leucemia, ma anche insonnia o&nbsp;depressione. Sensibili a questa&nbsp;tematica, alcuni turesi hanno&nbsp;creato il \u201cComitato della difesa&nbsp;dall\u2019inquinamento elettromagnetico\u201d&nbsp;presente anche sul&nbsp;social network Facebook.<br \/>Il comitato \u00e8 un\u2019associazione&nbsp;socio-culturale che ha lo&nbsp;scopo di studiare le tematiche&nbsp;della difesa dell\u2019ambiente e&nbsp;della salute, con particolare&nbsp;riferimento alle problematiche&nbsp;strettamente legate al territorio&nbsp;turese. L\u2019attivit\u00e0, non ha scopo&nbsp;lucrativo ed \u00e8 totalmente autofinanziata&nbsp;dagli aderenti. Il comitato,&nbsp;gi\u00e0 operativo in modo&nbsp;ufficioso da circa 3 anni, ha&nbsp;provveduto alla redazione di&nbsp;un atto costitutivo il 20 Marzo&nbsp;dell\u2019anno corrente.&nbsp;L\u2019associazione ha inoltre&nbsp;dato il via ad una raccolta di&nbsp;firme per la rimozione delle&nbsp;antenne ubicate nel centro abitato,&nbsp;da presentare in Comune.<br \/>Nel nostro paese ci sono infatti&nbsp;5 antenne di telefonia mobile&nbsp;(via Putignano,via Conversano,&nbsp;San Giovanni, nei pressi di&nbsp;largo pozzi ed infine nei pressi&nbsp;del noto discount, da dove \u00e8&nbsp;partito questo comitato) e nonostante&nbsp;non sia stata ancora&nbsp;acclarata la correlazione tra&nbsp;l\u2019esposizione alle onde elettromagnetiche&nbsp;e l\u2019aumento delle&nbsp;leucemie e i linfomi, la rimozione&nbsp;di tali antenne potrebbe&nbsp;rappresentare un valido strumento&nbsp;di prevenzione.<br \/>\u00c8 stata indetta una riunione&nbsp;con il Sindaco Dott. Onofrio&nbsp;Resta e tutti i consiglieri&nbsp;comunali per discutere sulla&nbsp;presenza nel centro abitato di&nbsp;queste antenne il 12 Aprile,&nbsp;alle ore 18, presso il Palazzo&nbsp;Municipale. Al fine di tutelare&nbsp;la salute dei cittadini il comitato&nbsp;chieder\u00e0 infatti la rimozione&nbsp;delle antenne dal centro abitato&nbsp;e la seguente ricollocazione al&nbsp;suo esterno; si richieder\u00e0 inoltre,&nbsp;che il Comune adotti un&nbsp;piano per la regolamentazione&nbsp;dell\u2019installazione delle antenne,&nbsp;il PIC, gi\u00e0 presentato in&nbsp;consiglio comunale.<\/p>\n<p style=\"text-align: justify;\"><img decoding=\"async\" src=\"http:\/\/2.bp.blogspot.com\/-M3Ju6W2o9wI\/TlQKhIF_9rI\/AAAAAAAAAmY\/j1jL_mdmBVA\/s1600\/La+mia+vita+rovinata+dalle+antenne+2.jpg\" width=\"640\" \/><\/p>\n","protected":false},"excerpt":{"rendered":"<p><img decoding=\"async\" src=\"http:\/\/www.mondoinformazione.com\/wp-content\/uploads\/2013\/04\/antenne-rai-per-fornire-segnale-wifi-600x400.jpg\" width=\"320\" \/><\/p>\n","protected":false},"author":1,"featured_media":0,"comment_status":"open","ping_status":"closed","sticky":false,"template":"","format":"standard","meta":{"colormag_page_container_layout":"default_layout","colormag_page_sidebar_layout":"default_layout","footnotes":""},"categories":[7],"tags":[],"class_list":["post-10984","post","type-post","status-publish","format-standard","hentry","category-attualita"],"_links":{"self":[{"href":"https:\/\/archivioturi.lavocedelpaese.info\/index.php\/wp-json\/wp\/v2\/posts\/10984","targetHints":{"allow":["GET"]}}],"collection":[{"href":"https:\/\/archivioturi.lavocedelpaese.info\/index.php\/wp-json\/wp\/v2\/posts"}],"about":[{"href":"https:\/\/archivioturi.lavocedelpaese.info\/index.php\/wp-json\/wp\/v2\/types\/post"}],"author":[{"embeddable":true,"href":"https:\/\/archivioturi.lavocedelpaese.info\/index.php\/wp-json\/wp\/v2\/users\/1"}],"replies":[{"embeddable":true,"href":"https:\/\/archivioturi.lavocedelpaese.info\/index.php\/wp-json\/wp\/v2\/comments?post=10984"}],"version-history":[{"count":0,"href":"https:\/\/archivioturi.lavocedelpaese.info\/index.php\/wp-json\/wp\/v2\/posts\/10984\/revisions"}],"wp:attachment":[{"href":"https:\/\/archivioturi.lavocedelpaese.info\/index.php\/wp-json\/wp\/v2\/media?parent=10984"}],"wp:term":[{"taxonomy":"category","embeddable":true,"href":"https:\/\/archivioturi.lavocedelpaese.info\/index.php\/wp-json\/wp\/v2\/categories?post=10984"},{"taxonomy":"post_tag","embeddable":true,"href":"https:\/\/archivioturi.lavocedelpaese.info\/index.php\/wp-json\/wp\/v2\/tags?post=10984"}],"curies":[{"name":"wp","href":"https:\/\/api.w.org\/{rel}","templated":true}]}}