{"id":10979,"date":"2013-04-15T19:37:12","date_gmt":"2013-04-15T19:37:12","guid":{"rendered":"https:\/\/archivioturi.lavocedelpaese.info\/index.php\/2013\/04\/15\/in-fiamme-lauto-di-un-vigile\/"},"modified":"2013-04-15T19:37:12","modified_gmt":"2013-04-15T19:37:12","slug":"in-fiamme-lauto-di-un-vigile","status":"publish","type":"post","link":"https:\/\/archivioturi.lavocedelpaese.info\/index.php\/2013\/04\/15\/in-fiamme-lauto-di-un-vigile\/","title":{"rendered":"In fiamme l\u2019auto di un Vigile"},"content":{"rendered":"<p style=\"text-align: justify;\"><img loading=\"lazy\" decoding=\"async\" src=\"http:\/\/farm9.staticflickr.com\/8116\/8644700265_89d0568603_m.jpg\" width=\"320\" height=\"150\" style=\"margin: 0px 3px;\" \/><\/p>\n<p style=\"text-align: justify;\">Ancora un\u2019automobile&nbsp;incendiata a Turi. Ancora&nbsp;una volta ad un&nbsp;agente della Polizia Municipale.<br \/>Questa volta \u00e8 successo nel&nbsp;centro storico turese dove una&nbsp;macchina di propriet\u00e0 di un&nbsp;noto agente \u00e8 stata incendiata.&nbsp;Intorno alle ore 5 di gioved\u00ec&nbsp;mattina le fiamme hanno avvolto&nbsp;l\u2019automobile e c\u2019\u00e8 stato&nbsp;poco da fare perch\u00e9 in pochi&nbsp;secondi l\u2019auto \u00e8 andata distrutta.<br \/>Sembra abbastanza evidente&nbsp;la natura dolosa dell\u2019atto.&nbsp;<\/p>\n<p style=\"text-align: justify;\">Sul luogo sono arrivati i carabinieri&nbsp;di Gioia del Colle e di&nbsp;Turi che dovranno cercare di&nbsp;fare luce sulla vicenda. Un atto&nbsp;intimidatorio o un gesto sconsiderato&nbsp;di qualcuno. Sono ancora&nbsp;impresse nella mente di&nbsp;molti turesi le immagini degli incendi che hanno colpito due&nbsp;automobili lo scorso autunno&nbsp;sempre a Turi. In un caso fu distrutta&nbsp;una Nissan di una nota&nbsp;amministratrice di condominio&nbsp;che in quell\u2019occasione fece&nbsp;una denuncia contro ignoti.<br \/>Purtroppo in questi casi sembra&nbsp;molto difficile risalire agli&nbsp;autori del folle gesto, perch\u00e9&nbsp;gli incendi lasciano poche tracce.<br \/>Anche la nostra redazione&nbsp;si unisce alla solidariet\u00e0 delle&nbsp;forze dell\u2019ordine e si rammarica&nbsp;dell\u2019accaduto. Riteniamo&nbsp;che questi siano atti a cui non&nbsp;si pu\u00f2 restare indifferenti. Fino&nbsp;a quando si potr\u00e0 dire di Turi:&nbsp;\u201c\u00e8 un paese tranquillo\u201d? E nel&nbsp;frattempo la politica dorme.<\/p>\n","protected":false},"excerpt":{"rendered":"<p style=\"text-align: justify;\"><img loading=\"lazy\" decoding=\"async\" src=\"http:\/\/farm9.staticflickr.com\/8116\/8644700265_89d0568603_m.jpg\" width=\"320\" height=\"150\" style=\"margin: 0px 3px;\" \/><\/p>\n","protected":false},"author":1,"featured_media":0,"comment_status":"open","ping_status":"closed","sticky":false,"template":"","format":"standard","meta":{"colormag_page_container_layout":"default_layout","colormag_page_sidebar_layout":"default_layout","footnotes":""},"categories":[8],"tags":[],"class_list":["post-10979","post","type-post","status-publish","format-standard","hentry","category-cronaca"],"_links":{"self":[{"href":"https:\/\/archivioturi.lavocedelpaese.info\/index.php\/wp-json\/wp\/v2\/posts\/10979","targetHints":{"allow":["GET"]}}],"collection":[{"href":"https:\/\/archivioturi.lavocedelpaese.info\/index.php\/wp-json\/wp\/v2\/posts"}],"about":[{"href":"https:\/\/archivioturi.lavocedelpaese.info\/index.php\/wp-json\/wp\/v2\/types\/post"}],"author":[{"embeddable":true,"href":"https:\/\/archivioturi.lavocedelpaese.info\/index.php\/wp-json\/wp\/v2\/users\/1"}],"replies":[{"embeddable":true,"href":"https:\/\/archivioturi.lavocedelpaese.info\/index.php\/wp-json\/wp\/v2\/comments?post=10979"}],"version-history":[{"count":0,"href":"https:\/\/archivioturi.lavocedelpaese.info\/index.php\/wp-json\/wp\/v2\/posts\/10979\/revisions"}],"wp:attachment":[{"href":"https:\/\/archivioturi.lavocedelpaese.info\/index.php\/wp-json\/wp\/v2\/media?parent=10979"}],"wp:term":[{"taxonomy":"category","embeddable":true,"href":"https:\/\/archivioturi.lavocedelpaese.info\/index.php\/wp-json\/wp\/v2\/categories?post=10979"},{"taxonomy":"post_tag","embeddable":true,"href":"https:\/\/archivioturi.lavocedelpaese.info\/index.php\/wp-json\/wp\/v2\/tags?post=10979"}],"curies":[{"name":"wp","href":"https:\/\/api.w.org\/{rel}","templated":true}]}}