{"id":10887,"date":"2013-04-01T06:18:40","date_gmt":"2013-04-01T06:18:40","guid":{"rendered":"https:\/\/archivioturi.lavocedelpaese.info\/index.php\/2013\/04\/01\/la-passione-che-eleva-lo-spirito-e-musica\/"},"modified":"2013-04-01T06:18:40","modified_gmt":"2013-04-01T06:18:40","slug":"la-passione-che-eleva-lo-spirito-e-musica","status":"publish","type":"post","link":"https:\/\/archivioturi.lavocedelpaese.info\/index.php\/2013\/04\/01\/la-passione-che-eleva-lo-spirito-e-musica\/","title":{"rendered":"La passione che eleva lo spirito \u00e8 musica"},"content":{"rendered":"<p style=\"text-align: justify;\">&nbsp;<img loading=\"lazy\" decoding=\"async\" class=\" size-full wp-image-10885\" style=\"margin: 0px 3px;\" src=\"https:\/\/archivioturi.lavocedelpaese.info\/wp-content\/uploads\/2013\/04\/rassegna-teatr.jpg\" alt=\"rassegna teatr\" width=\"320\" height=\"150\" srcset=\"https:\/\/archivioturi.lavocedelpaese.info\/wp-content\/uploads\/2013\/04\/rassegna-teatr.jpg 640w, https:\/\/archivioturi.lavocedelpaese.info\/wp-content\/uploads\/2013\/04\/rassegna-teatr-300x141.jpg 300w\" sizes=\"auto, (max-width: 320px) 100vw, 320px\" \/><\/p>\n<p style=\"text-align: justify;\">L\u2019arte della musica classica ha contagiato Turi, ammaliata dall\u2019inaugurazione della prima Rassegna musicale e teatrale \u201cLe domeniche a teatro\u201d, a cura dell\u2019Accademia \u201cChi \u00e8 in scena!?\u201d,patrocinata dal Comune di Turi, tenutasi domenica 24 Marzo presso la Chiesa Matrice di Turi.<\/p>\n<p style=\"text-align: justify;\">Il concerto, \u201cAgnus Dei\u201d, era al massimo della tiratura emozionale. Il retroscena accademico era fermentato da giovani e meno giovani artisti baresi in preda al vivace entusiasmo per il debutto e per la presentazione della rassegna, che vedr\u00e0 nel corso dell\u2019anno otto domeniche invase dalla musica di vario genere e da spettacoli teatrali. L\u2019Agnus Dei \u00e8 stato presentato da Antonella Di Noia, insegnante di danza, coreografa e artista barese. Il M\u00b0 Ferdinando Redavid direttore d\u2019orchestra e direttore artistico; il coro &nbsp;e le voci soliste sono state preparate dal M\u00b0 Lorenzo Salvatori, i soprano Margareth Demicco, Daria Palmisano, Maria Chiara Scarale, mezzosoprano Zeudi Rella, tenore Nicola D\u2019Alessandro, il coro Polimnia e Vocal Ensemble, la voce narrante Sharon Rella, alcuni membri dell\u2019orchestra sinfonica provinciale e l\u2019orchestra In Scena. L\u2019esibizione si \u00e8 incentrata su tre colossi musicali della musica sacrale e classica, Pergolesi, Faur\u00e9 e Mozart. Un omaggio all\u2019intera comunit\u00e0 presente, che ha assistito ad una profonda meditazione ed inno alla salvezza e al dolore che l\u2019Amore pu\u00f2 provocare se ferito e deriso. L\u2019inaugurazione della rassegna \u00e8 stata una vetrina, per mostrare il grande talento e la vera passione. A fine concerto il M\u00b0 Ferdinando Redavid ha ringraziato il Sindaco O.Resta, A.&nbsp; Tateo e tutta l\u2019Arcipretura curata di Turi, nella persona di Don Giovanni Amodio e tutti i presenti per aver risposto agli inviti. \u201cLa musica prima di tutto \u00e8 passione. E\u2019 una carica esplosiva di emozioni, emozioni che il pubblico stesso ci trasmette. E\u2019 importate avervi qui stasera e confido in un pubblico numeroso anche nel corso della rassegna. La rassegna avr\u00e0 luogo se ci sar\u00e0 pubblico. Grazie a tutti!\u201d Subito dopo prende la parola Don Giovanni che ha dichiarato: \u201cBisogna riconoscere la maestria di musicisti competenti e talentuosi. Inoltre \u00e8 bene che tutti sappiano la Chiesa \u00e8 un luogo di tutti, per cui c\u2019\u00e8 sempre spazio per questi eventi meditativi che elevano lo spirito.\u201d<\/p>\n<p style=\"text-align: justify;\"><img loading=\"lazy\" decoding=\"async\" class=\" alignright size-full wp-image-10886\" style=\"margin: 10px 0px 10px 10px; float: right;\" src=\"https:\/\/archivioturi.lavocedelpaese.info\/wp-content\/uploads\/2013\/04\/rassegna.jpg\" alt=\"rassegna\" width=\"448\" height=\"298\" srcset=\"https:\/\/archivioturi.lavocedelpaese.info\/wp-content\/uploads\/2013\/04\/rassegna.jpg 448w, https:\/\/archivioturi.lavocedelpaese.info\/wp-content\/uploads\/2013\/04\/rassegna-300x200.jpg 300w\" sizes=\"auto, (max-width: 448px) 100vw, 448px\" \/><\/p>\n<p style=\"text-align: justify;\">La rassegna \u00e8 una prima eccezionale in terra turese, che vuole appurare la bravura dei suoi talenti in otto appuntamenti imperdibili.&nbsp;<\/p>\n<p style=\"text-align: justify;\">Questa iniziativa apre le porte alla sensibilizzazione verso un mondo trascurato e sottovalutato, ovvero l\u2019arte dell\u2019artista, che si erige sul duro lavoro e sulla professionalit\u00e0. Per questi motivi l\u2019Amministrazione Comunale, nella persona del Consigliere Comunale Antonio Tateo, ha sostenuto la professionale credibilit\u00e0 del Maestro Ferdinando Redavid che assieme al Maestro Lorenzo Salvatori e a molti altri artisti hanno riposto le loro energie in questo progetto con grandi sacrifici, per arricchire lo scenario culturale turese. L\u2019anima della rassegna \u00e8 il pubblico, poich\u00e9 tramite esso viene apprezzata, criticata, valutata, ma pi\u00f9 di ogni altra cosa ascoltata. L\u2019artista suona per innumerevoli motivi, ma soprattutto per arrivare alla gente, per trasmetterle sensazioni, emozioni e reazioni di qualsiasi natura. La musica \u00e8 dinamica e avvolge tutti.&nbsp;<\/p>\n<p style=\"text-align: justify;\">&nbsp;<\/p>\n<p style=\"text-align: right;\"><em>Foto by Rox<\/em><\/p>\n<p><object width=\"600\" height=\"300\"><param name=\"flashvars\" value=\"offsite=true&amp;lang=it-it&amp;page_show_url=%2Fphotos%2F91470992%40N02%2Fsets%2F72157633110502018%2Fshow%2F&amp;page_show_back_url=%2Fphotos%2F91470992%40N02%2Fsets%2F72157633110502018%2F&amp;set_id=72157633110502018&amp;jump_to=\" \/><param name=\"movie\" value=\"http:\/\/www.flickr.com\/apps\/slideshow\/show.swf?v=124984\" \/><param name=\"allowFullScreen\" value=\"true\" \/><embed type=\"application\/x-shockwave-flash\" src=\"http:\/\/www.flickr.com\/apps\/slideshow\/show.swf?v=124984\" allowfullscreen=\"true\" flashvars=\"offsite=true&amp;lang=it-it&amp;page_show_url=%2Fphotos%2F91470992%40N02%2Fsets%2F72157633110502018%2Fshow%2F&amp;page_show_back_url=%2Fphotos%2F91470992%40N02%2Fsets%2F72157633110502018%2F&amp;set_id=72157633110502018&amp;jump_to=\" width=\"400\" height=\"300\" \/><\/object><\/p>\n","protected":false},"excerpt":{"rendered":"<p style=\"text-align: justify;\">&nbsp;<img loading=\"lazy\" decoding=\"async\" class=\" size-full wp-image-10885\" style=\"margin: 0px 3px;\" src=\"https:\/\/archivioturi.lavocedelpaese.info\/wp-content\/uploads\/2013\/04\/rassegna-teatr.jpg\" alt=\"rassegna teatr\" width=\"320\" height=\"150\" srcset=\"https:\/\/archivioturi.lavocedelpaese.info\/wp-content\/uploads\/2013\/04\/rassegna-teatr.jpg 640w, https:\/\/archivioturi.lavocedelpaese.info\/wp-content\/uploads\/2013\/04\/rassegna-teatr-300x141.jpg 300w\" sizes=\"auto, (max-width: 320px) 100vw, 320px\" \/><\/p>\n","protected":false},"author":1,"featured_media":10885,"comment_status":"open","ping_status":"closed","sticky":false,"template":"","format":"standard","meta":{"colormag_page_container_layout":"default_layout","colormag_page_sidebar_layout":"default_layout","footnotes":""},"categories":[6],"tags":[],"class_list":["post-10887","post","type-post","status-publish","format-standard","has-post-thumbnail","hentry","category-cultura"],"_links":{"self":[{"href":"https:\/\/archivioturi.lavocedelpaese.info\/index.php\/wp-json\/wp\/v2\/posts\/10887","targetHints":{"allow":["GET"]}}],"collection":[{"href":"https:\/\/archivioturi.lavocedelpaese.info\/index.php\/wp-json\/wp\/v2\/posts"}],"about":[{"href":"https:\/\/archivioturi.lavocedelpaese.info\/index.php\/wp-json\/wp\/v2\/types\/post"}],"author":[{"embeddable":true,"href":"https:\/\/archivioturi.lavocedelpaese.info\/index.php\/wp-json\/wp\/v2\/users\/1"}],"replies":[{"embeddable":true,"href":"https:\/\/archivioturi.lavocedelpaese.info\/index.php\/wp-json\/wp\/v2\/comments?post=10887"}],"version-history":[{"count":0,"href":"https:\/\/archivioturi.lavocedelpaese.info\/index.php\/wp-json\/wp\/v2\/posts\/10887\/revisions"}],"wp:featuredmedia":[{"embeddable":true,"href":"https:\/\/archivioturi.lavocedelpaese.info\/index.php\/wp-json\/wp\/v2\/media\/10885"}],"wp:attachment":[{"href":"https:\/\/archivioturi.lavocedelpaese.info\/index.php\/wp-json\/wp\/v2\/media?parent=10887"}],"wp:term":[{"taxonomy":"category","embeddable":true,"href":"https:\/\/archivioturi.lavocedelpaese.info\/index.php\/wp-json\/wp\/v2\/categories?post=10887"},{"taxonomy":"post_tag","embeddable":true,"href":"https:\/\/archivioturi.lavocedelpaese.info\/index.php\/wp-json\/wp\/v2\/tags?post=10887"}],"curies":[{"name":"wp","href":"https:\/\/api.w.org\/{rel}","templated":true}]}}