{"id":10875,"date":"2013-03-25T18:58:15","date_gmt":"2013-03-25T18:58:15","guid":{"rendered":"https:\/\/archivioturi.lavocedelpaese.info\/index.php\/2013\/03\/25\/ancora-disagi-al-passaggio-a-livello\/"},"modified":"2013-03-25T18:58:15","modified_gmt":"2013-03-25T18:58:15","slug":"ancora-disagi-al-passaggio-a-livello","status":"publish","type":"post","link":"https:\/\/archivioturi.lavocedelpaese.info\/index.php\/2013\/03\/25\/ancora-disagi-al-passaggio-a-livello\/","title":{"rendered":"Ancora disagi al passaggio a livello"},"content":{"rendered":"<p>&nbsp;<img loading=\"lazy\" decoding=\"async\" class=\" size-full wp-image-10873\" style=\"margin: 0px 3px;\" src=\"https:\/\/archivioturi.lavocedelpaese.info\/wp-content\/uploads\/2013\/03\/passaggio-a-livello-turi.jpg\" alt=\"passaggio-a-livello-turi\" width=\"320\" height=\"150\" srcset=\"https:\/\/archivioturi.lavocedelpaese.info\/wp-content\/uploads\/2013\/03\/passaggio-a-livello-turi.jpg 320w, https:\/\/archivioturi.lavocedelpaese.info\/wp-content\/uploads\/2013\/03\/passaggio-a-livello-turi-300x141.jpg 300w\" sizes=\"auto, (max-width: 320px) 100vw, 320px\" \/><\/p>\n<p>&nbsp;<\/p>\n<p style=\"text-align: justify;\"><span style=\"font-family: verdana, geneva; font-size: 10pt;\"><strong>Turi &#8211;<\/strong> Passaggio a livello chiuso e ulteriori disagi al traffico. E&#8217; accaduto questo pomeriggio intorno alle ore 16 in via Sammichele. Tanti sono stati gli automobilisti bloccati perch\u00e8 una delle due sbarre del passaggio a livello non si \u00e8 alzata dopo il transito del treno. Perlopi\u00f9 il treno delle Ferrovie Sud-Est proveniente da Bari \u00e8 transitato con la sbarra alzata rappresentando un rischio per automobilisti e pedoni. Questo episodio non \u00e8 un fatto isolato e ricorda quello avvenuto il 18 febbraio scorso in via Noci con le stesse identiche modalit\u00e0. (<a href=\"cronaca\/33631-turi-guasto-e-disagi-al-passaggio-a-livello.html\">http:\/\/www.turiweb.it\/cronaca\/33631-turi-guasto-e-disagi-al-passaggio-a-livello.html<\/a>).<\/span><\/p>\n<p style=\"text-align: justify;\"><span style=\"font-family: verdana, geneva; font-size: 10pt;\">I residenti della zona assicurano che non si tratta di un caso isolato e spesso si ritrovano a fare i conti con lo stesso problema. E&#8217; evidente che le sbarre dei passaggi a livello a Turi hanno bisogno di una manutenzione e di essere revisionati.<\/span><\/p>\n<p style=\"text-align: justify;\"><span style=\"font-family: verdana, geneva; font-size: 10pt;\">Di seguito una foto apparsa questo pomeriggio su facebook mentre passa il treno con la sbarra alzata.<\/span><\/p>\n<p><img loading=\"lazy\" decoding=\"async\" class=\" size-full wp-image-10874\" style=\"margin: 0px auto; display: block;\" src=\"https:\/\/archivioturi.lavocedelpaese.info\/wp-content\/uploads\/2013\/03\/turi-passaggio-via-samm.jpg\" alt=\"turi-passaggio-via-samm\" width=\"600\" height=\"450\" srcset=\"https:\/\/archivioturi.lavocedelpaese.info\/wp-content\/uploads\/2013\/03\/turi-passaggio-via-samm.jpg 600w, https:\/\/archivioturi.lavocedelpaese.info\/wp-content\/uploads\/2013\/03\/turi-passaggio-via-samm-300x225.jpg 300w\" sizes=\"auto, (max-width: 600px) 100vw, 600px\" \/><\/p>\n<p>&nbsp;<\/p>\n","protected":false},"excerpt":{"rendered":"<p>&nbsp;<img loading=\"lazy\" decoding=\"async\" class=\" size-full wp-image-10873\" style=\"margin: 0px 3px;\" src=\"https:\/\/archivioturi.lavocedelpaese.info\/wp-content\/uploads\/2013\/03\/passaggio-a-livello-turi.jpg\" alt=\"passaggio-a-livello-turi\" width=\"320\" height=\"150\" srcset=\"https:\/\/archivioturi.lavocedelpaese.info\/wp-content\/uploads\/2013\/03\/passaggio-a-livello-turi.jpg 320w, https:\/\/archivioturi.lavocedelpaese.info\/wp-content\/uploads\/2013\/03\/passaggio-a-livello-turi-300x141.jpg 300w\" sizes=\"auto, (max-width: 320px) 100vw, 320px\" \/><\/p>\n<p>&nbsp;<\/p>\n","protected":false},"author":1,"featured_media":10873,"comment_status":"open","ping_status":"closed","sticky":false,"template":"","format":"standard","meta":{"colormag_page_container_layout":"default_layout","colormag_page_sidebar_layout":"default_layout","footnotes":""},"categories":[8],"tags":[],"class_list":["post-10875","post","type-post","status-publish","format-standard","has-post-thumbnail","hentry","category-cronaca"],"_links":{"self":[{"href":"https:\/\/archivioturi.lavocedelpaese.info\/index.php\/wp-json\/wp\/v2\/posts\/10875","targetHints":{"allow":["GET"]}}],"collection":[{"href":"https:\/\/archivioturi.lavocedelpaese.info\/index.php\/wp-json\/wp\/v2\/posts"}],"about":[{"href":"https:\/\/archivioturi.lavocedelpaese.info\/index.php\/wp-json\/wp\/v2\/types\/post"}],"author":[{"embeddable":true,"href":"https:\/\/archivioturi.lavocedelpaese.info\/index.php\/wp-json\/wp\/v2\/users\/1"}],"replies":[{"embeddable":true,"href":"https:\/\/archivioturi.lavocedelpaese.info\/index.php\/wp-json\/wp\/v2\/comments?post=10875"}],"version-history":[{"count":0,"href":"https:\/\/archivioturi.lavocedelpaese.info\/index.php\/wp-json\/wp\/v2\/posts\/10875\/revisions"}],"wp:featuredmedia":[{"embeddable":true,"href":"https:\/\/archivioturi.lavocedelpaese.info\/index.php\/wp-json\/wp\/v2\/media\/10873"}],"wp:attachment":[{"href":"https:\/\/archivioturi.lavocedelpaese.info\/index.php\/wp-json\/wp\/v2\/media?parent=10875"}],"wp:term":[{"taxonomy":"category","embeddable":true,"href":"https:\/\/archivioturi.lavocedelpaese.info\/index.php\/wp-json\/wp\/v2\/categories?post=10875"},{"taxonomy":"post_tag","embeddable":true,"href":"https:\/\/archivioturi.lavocedelpaese.info\/index.php\/wp-json\/wp\/v2\/tags?post=10875"}],"curies":[{"name":"wp","href":"https:\/\/api.w.org\/{rel}","templated":true}]}}