{"id":10872,"date":"2013-03-25T08:56:31","date_gmt":"2013-03-25T08:56:31","guid":{"rendered":"https:\/\/archivioturi.lavocedelpaese.info\/index.php\/2013\/03\/25\/il-flash-mob-per-la-citta-della-scienza\/"},"modified":"2013-03-25T08:56:31","modified_gmt":"2013-03-25T08:56:31","slug":"il-flash-mob-per-la-citta-della-scienza","status":"publish","type":"post","link":"https:\/\/archivioturi.lavocedelpaese.info\/index.php\/2013\/03\/25\/il-flash-mob-per-la-citta-della-scienza\/","title":{"rendered":"Il Flash mob per \u201cLa Citt\u00e0 della Scienza\u201d"},"content":{"rendered":"<p style=\"text-align: justify;\"><img loading=\"lazy\" decoding=\"async\" class=\" size-full wp-image-10871\" src=\"https:\/\/archivioturi.lavocedelpaese.info\/wp-content\/uploads\/2013\/03\/flash.jpg\" width=\"320\" height=\"151\" alt=\"flash\" style=\"margin: 0px 3px;\" srcset=\"https:\/\/archivioturi.lavocedelpaese.info\/wp-content\/uploads\/2013\/03\/flash.jpg 640w, https:\/\/archivioturi.lavocedelpaese.info\/wp-content\/uploads\/2013\/03\/flash-300x141.jpg 300w\" sizes=\"auto, (max-width: 320px) 100vw, 320px\" \/><\/p>\n<p style=\"text-align: justify;\">Un microfono aperto, gente riunita e tanta voglia di far cultura. Inizia cos\u00ec il Flash mob per \u201cLa Citt\u00e0 della Scienza\u201d tenutosi a Turi, in Piazza Silvio Orlandi, domenica 17 Marzo. Il Presidio del libro di Turi, promotore di un\u2019iniziativa che ha avuto eco in tutta Italia, ha voluto denunciare cos\u00ec il disastroso incendio avvenuto a Napoli nella notte tra il 4-5 Marzo alla \u201cCitt\u00e0 della scienza\u201d (complesso scientifico museale d\u2019eccellenza).<\/p>\n<p style=\"text-align: justify;\">Dopo il benvenuto di Alina Laruccia alla cittadinanza, a prendere la parola ci sono stati il sindaco dott. Onofrio Resta, il consigliere Antonio Tateo e altri rappresentanti del consiglio comunale di Turi che, indignati per l\u2019accaduto, hanno sottolineato l\u2019importanza della cultura nella vita.<br \/> Sono stati recitati \u201cIl cantico delle creature\u201d di San Francesco d\u2019Assisi e un passo di Platone tratto dal libro \u201cL\u2019Apologia di Socrate\u201d. Alle letture sono state accompagnate le musiche dei due grandi maestri di Turi: Eddy De Marco e Michele Marzella che hanno intrattenuto il pubblico suonando a cappella brani inediti e storici del jazz.<\/p>\n<p style=\"text-align: justify;\">La manifestazione s\u2019\u00e8 conclusa con la lettura di due lettere:<\/p>\n<p style=\"text-align: justify;\">\u201cIl mio messaggio \u00e8 credete nei valori, sia laici che religiosi. La vita merita di essere vissuta se crediamo nei valori, perch\u00e9 questi rimangono dopo la nostra morte. Auguro a voi la stessa fortuna che ho avuto io, di disinteresse alla mia persona, ma di profondo interesse al mondo che mi circonda, a tutto quanto \u00e8 non solo componente della scienza ma anche parte del mondo sociale.<br \/> Non pensate a voi stessi, pensate agli altri. Pensate al futuro che vi aspetta, pensate a quello che potete fare, e non temete niente.<br \/> Non temete le difficolt\u00e0, io ne ho passate molte, e le ho attraversate senza paura, con totale indifferenza alla mia persona.<br \/> Non sono ortodossa, non vado mai in sinagoga. Sono totalmente laica, non ho ricevuto alcuna educazione religiosa. Mio padre ci diceva: siate liberi pensatori. Per me quello che conta, in una persona, non \u00e8 che sia ebrea o cattolica o musulmana, ma che sia degna di rispetto.<br \/> E sono convinta che non esistano le razze, ma i razzisti.\u201d<br \/> Rita Levi Montalcini.<\/p>\n<p style=\"text-align: justify;\">\u201c Credo nella solidariet\u00e0 tra gli essere viventi e tra gli esseri viventi considero non solo gli uomini ma anche gli animali. Credo nella capacit\u00e0 del nostro cervello di capire il mondo che ci circonda, le leggi che lo regolano. Comprensione e rispetto sono le basi del mio \u201c credo\u201d. La comprensione ha come punto di partenza imprescindibile la conoscenza delle regole del mondo in senso scientifico ed etico. Un credo che deve guidarci nella vita e nei confronti del prossimo, soprattutto dei pi\u00f9 deboli e sfortunati. La giustizia e la libert\u00e0 sono le mie regole di sempre, quelle dalle quali sono partita e quelle per le quali mi sono battuta e continuer\u00f2 a battermi.\u201d Margherita Hack<\/p>\n<p style=\"text-align: justify;\">Affinch\u00e8 questo urlo arrivi al cuore e alle menti di ogni uomo noi gridiamo: \u201cNON SI BRUCIA LA CULTURA!\u201d&nbsp;<\/p>\n","protected":false},"excerpt":{"rendered":"<p style=\"text-align: justify;\"><img loading=\"lazy\" decoding=\"async\" class=\" size-full wp-image-10871\" src=\"https:\/\/archivioturi.lavocedelpaese.info\/wp-content\/uploads\/2013\/03\/flash.jpg\" width=\"320\" height=\"151\" alt=\"flash\" style=\"margin: 0px 3px;\" srcset=\"https:\/\/archivioturi.lavocedelpaese.info\/wp-content\/uploads\/2013\/03\/flash.jpg 640w, https:\/\/archivioturi.lavocedelpaese.info\/wp-content\/uploads\/2013\/03\/flash-300x141.jpg 300w\" sizes=\"auto, (max-width: 320px) 100vw, 320px\" \/><\/p>\n","protected":false},"author":1,"featured_media":10871,"comment_status":"open","ping_status":"closed","sticky":false,"template":"","format":"standard","meta":{"colormag_page_container_layout":"default_layout","colormag_page_sidebar_layout":"default_layout","footnotes":""},"categories":[6],"tags":[],"class_list":["post-10872","post","type-post","status-publish","format-standard","has-post-thumbnail","hentry","category-cultura"],"_links":{"self":[{"href":"https:\/\/archivioturi.lavocedelpaese.info\/index.php\/wp-json\/wp\/v2\/posts\/10872","targetHints":{"allow":["GET"]}}],"collection":[{"href":"https:\/\/archivioturi.lavocedelpaese.info\/index.php\/wp-json\/wp\/v2\/posts"}],"about":[{"href":"https:\/\/archivioturi.lavocedelpaese.info\/index.php\/wp-json\/wp\/v2\/types\/post"}],"author":[{"embeddable":true,"href":"https:\/\/archivioturi.lavocedelpaese.info\/index.php\/wp-json\/wp\/v2\/users\/1"}],"replies":[{"embeddable":true,"href":"https:\/\/archivioturi.lavocedelpaese.info\/index.php\/wp-json\/wp\/v2\/comments?post=10872"}],"version-history":[{"count":0,"href":"https:\/\/archivioturi.lavocedelpaese.info\/index.php\/wp-json\/wp\/v2\/posts\/10872\/revisions"}],"wp:featuredmedia":[{"embeddable":true,"href":"https:\/\/archivioturi.lavocedelpaese.info\/index.php\/wp-json\/wp\/v2\/media\/10871"}],"wp:attachment":[{"href":"https:\/\/archivioturi.lavocedelpaese.info\/index.php\/wp-json\/wp\/v2\/media?parent=10872"}],"wp:term":[{"taxonomy":"category","embeddable":true,"href":"https:\/\/archivioturi.lavocedelpaese.info\/index.php\/wp-json\/wp\/v2\/categories?post=10872"},{"taxonomy":"post_tag","embeddable":true,"href":"https:\/\/archivioturi.lavocedelpaese.info\/index.php\/wp-json\/wp\/v2\/tags?post=10872"}],"curies":[{"name":"wp","href":"https:\/\/api.w.org\/{rel}","templated":true}]}}