{"id":10864,"date":"2013-03-25T08:10:02","date_gmt":"2013-03-25T08:10:02","guid":{"rendered":"https:\/\/archivioturi.lavocedelpaese.info\/index.php\/2013\/03\/25\/il-palio-dei-turioni-il-comune-collabora-con-lass-girasole\/"},"modified":"2013-03-25T08:10:02","modified_gmt":"2013-03-25T08:10:02","slug":"il-palio-dei-turioni-il-comune-collabora-con-lass-girasole","status":"publish","type":"post","link":"https:\/\/archivioturi.lavocedelpaese.info\/index.php\/2013\/03\/25\/il-palio-dei-turioni-il-comune-collabora-con-lass-girasole\/","title":{"rendered":"\u201cIl Palio dei tuRioni\u201d. Il comune collabora con l\u2019Ass. Girasole"},"content":{"rendered":"<p style=\"text-align: justify;\"><img loading=\"lazy\" decoding=\"async\" class=\" size-full wp-image-10861\" style=\"margin: 0px 3px;\" src=\"https:\/\/archivioturi.lavocedelpaese.info\/wp-content\/uploads\/2013\/03\/palio12.JPG\" alt=\"palio12\" width=\"320\" height=\"150\" srcset=\"https:\/\/archivioturi.lavocedelpaese.info\/wp-content\/uploads\/2013\/03\/palio12.JPG 640w, https:\/\/archivioturi.lavocedelpaese.info\/wp-content\/uploads\/2013\/03\/palio12-300x141.jpg 300w\" sizes=\"auto, (max-width: 320px) 100vw, 320px\" \/><\/p>\n<p style=\"text-align: justify;\">Sar\u00e0 realizzato tra marzo e dicembre 2013 e coinvolger\u00e0 tutti i cittadini turesi, vecchi e nuovi, nella conquista del \u201cDrappo dei tuRioni\u201d. \u00c8 questo il progetto presentato dall\u2019Associazione Girasole di Turi, rappresentata dal presidente Roberto Dell\u2019Aera, al Comune di Turi che ha deliberato di collaborare con l\u2019associazione con un contributo di 3.000,00 \u20ac, di cui 600,00 \u20ac a titolo di acconto e 2.400,00 \u20ac a conclusione del progetto.<\/p>\n<p style=\"text-align: justify;\"><img loading=\"lazy\" decoding=\"async\" class=\" alignright size-full wp-image-10862\" style=\"margin: 10px 0px 10px 10px; float: right;\" src=\"https:\/\/archivioturi.lavocedelpaese.info\/wp-content\/uploads\/2013\/03\/palio11.JPG\" alt=\"palio11\" width=\"314\" height=\"209\" srcset=\"https:\/\/archivioturi.lavocedelpaese.info\/wp-content\/uploads\/2013\/03\/palio11.JPG 314w, https:\/\/archivioturi.lavocedelpaese.info\/wp-content\/uploads\/2013\/03\/palio11-300x200.jpg 300w\" sizes=\"auto, (max-width: 314px) 100vw, 314px\" \/>L\u2019evento, come si legge nella delibera di G. C. n. 37, vedr\u00e0 coinvolti tutti i cittadini turesi, divisi per tuRIONI, che gareggeranno in diverse sfide per la conquista del \u201cDRAPPO DEI tuRIONI\u201d. Per la realizzazione del progetto \u00e8 stato previsto un costo di \u20ac 6.500,00 e l\u2019Associazione Girasole coinvolger\u00e0 tutte le associazioni presenti sul territorio le quali, nell\u2019ambito delle proprie peculiarit\u00e0, potranno collaborare nella ricerca dei giocatori e nella formazione dei comitati rionali. \u201cL&#8217;idea di fondo \u2013 si legge in delibera &#8211; \u00e8 quella di scuotere, di dare movimento e vitalit\u00e0 al nostro paese avvicinando singoli e associazioni presenti sul territorio e facendoli diventare attori principali della vita del paese\u201d. Il tutto, \u201cintegrando il vecchio (le tradizioni, il passato) con il nuovo (il flusso migratorio in atto, le diversit\u00e0, la tecnologia)\u201d attraversi il gioco.&nbsp;<\/p>\n<p style=\"text-align: justify;\" align=\"center\">&nbsp;<img loading=\"lazy\" decoding=\"async\" class=\" size-full wp-image-10863\" src=\"https:\/\/archivioturi.lavocedelpaese.info\/wp-content\/uploads\/2013\/03\/I-6-rioni-di-Turi.jpg\" width=\"640\" height=\"480\" alt=\"I 6 rioni di Turi\" style=\"margin: 0px 3px;\" srcset=\"https:\/\/archivioturi.lavocedelpaese.info\/wp-content\/uploads\/2013\/03\/I-6-rioni-di-Turi.jpg 640w, https:\/\/archivioturi.lavocedelpaese.info\/wp-content\/uploads\/2013\/03\/I-6-rioni-di-Turi-300x225.jpg 300w\" sizes=\"auto, (max-width: 640px) 100vw, 640px\" \/><\/p>\n<p style=\"text-align: justify;\" align=\"center\"><strong>La sfida dei rioni<\/strong><\/p>\n<p style=\"text-align: justify;\">Turi come Siena. L\u2019Associazione \u201cGirasole\u201d organizza, per conto e in collaborazione con l\u2019Amministrazione Comunale, \u201cIL PALIO DEI tuRIONI\u201d. Un evento che vedr\u00e0 coinvolti tutti i cittadini turesi che, divisi per RIONI (tuRIONI), si confronteranno in una serie di sfide per la conquista del \u201cDRAPPO DEI tuRIONI\u201d. I vari rioni di Turi si sfideranno in vari giochi ispirati in gran parte alla tradizione ludica turese. I punti extra saranno assegnati per le seguenti categorie: miglior tifoseria, migliore addobbo del quartiere, migliore accoglienza, migliore inno coreografato, sportivit\u00e0.<\/p>\n<p style=\"text-align: justify;\">Ogni tuRIONE, sotto la giuda del proprio comitato rionale, sar\u00e0 chiamato a formare una squadra e partecipare alla competizione.<\/p>\n<p style=\"text-align: justify;\"><strong>REGOLAMENTO E PREPARAZIONE<\/strong> &#8211; Il progetto prevede una fase di preparazione cos\u00ec strutturata: nel marzo 2013 sar\u00e0 presentato il progetto nelle scuole, alla stampa, alle associazioni e ai cittadini. Subito dopo, fino al giugno 2013, si attiver\u00e0 la formazione dei singoli Comitati Rionali. Da maggio a giugno 2013 si terranno alcuni eventi preparatori alla manifestazione che si svolger\u00e0 dal luglio al dicembre 2013.<\/p>\n<p style=\"text-align: justify;\">I Comitati dei singoli rioni che si sfideranno durante il Palio, avranno sede nel rione turese di riferimento, e saranno composti da tre organi: Assemblea Generale (tutti i residenti del singolo tuRIONE); Direttivo; infine il Capo tuRIONE e il suo vice. Il Capo tuRIONE, coadiuvato da un Vice &nbsp;rappresenta il rione insieme al suo vice, convoca e presiede il Direttivo e l&#8217;Assemblea generale, adempie alle funzione e alle incombenze previste nel regolamento, cura i rapporti con l&#8217;Associazione &#8220;Girasole&#8221;, con tutti i residenti del rione ed eventualmente con gli altri tuRIONI, \u00e8 responsabile della custodia e della cura di qualsiasi cosa venga affidata al rione dall&#8217;Associazione &#8220;Girasole&#8221;, compreso il DRAPPO eventualmente vinto.<\/p>\n<p style=\"text-align: justify;\"><strong>CONTRO OGNI FORMA DI RAZZISMO<\/strong> &#8211; Il capo tuRIONE ed il direttivo in generale, devono adottare e mantenere nei confronti dei residenti del tuRIONE medesimo e nell\u2019esercizio delle funzioni derivanti dalla carica ricevuta, un comportamento onesto e trasparente in linea con le norme della civile convivenza, dell\u2019uguaglianza e del rispetto di ognuno. \u00c8 severamente bandita qualsiasi forma di razzismo, preferenze, favoritismi e soprusi in genere.<\/p>\n<p style=\"text-align: justify;\"><strong>COME VOTARE<\/strong> &#8211; Sono elettori tutti i cittadini residenti nel tuRIONE che compiono il <strong><em>sedicesimo <\/em><\/strong>anno di et\u00e0 entro il giorno fissato per le elezioni.<\/p>\n<p style=\"text-align: justify;\">Possono chiedere di essere iscritti nell\u2019elenco degli elettori anche i cittadini non residenti che nel quartiere hanno la sede principale della propria attivit\u00e0 imprenditoriale o professionale.<\/p>\n<p style=\"text-align: justify;\">I cittadini possono esercitare il diritto di voto &nbsp;solamente in un tuRIONE.<\/p>\n<p style=\"text-align: justify;\">Sono eleggibili nel Direttivo tutti i residenti del&nbsp; tuRIONE che abbiano compiuto il diciottesimo anno di et\u00e0. Nessuno pu\u00f2 essere eletto in pi\u00f9 di un Direttivo.<\/p>\n<p style=\"text-align: justify;\"><strong>L&#8217;INNO NAZIONAL-RIONALE: ALCUNE CURIOSIT\u00c0<\/strong> &#8211; Ogni comitato, capitanato dal proprio Capo tuRIONE, andr\u00e0 alla ricerca dei giocatori che formeranno la rispettiva squadra che rappresenta il rione. La squadra sar\u00e0 composta di 64 membri, con et\u00e0 che varia dai 7 anni agli over 60. Ciascun rione avr\u00e0 un proprio inno coreografato, una volta individuato il nome del tuRIONE dai ragazzi delle scuole. Ci\u00f2 vale per il punteggio finale. Il comitato curer\u00e0 anche l&#8217;estetica del quartiere; ciascun tuRIONE sar\u00e0 addobbato e avr\u00e0 una propria agor\u00e0, una punto di riferimento del quartiere.&nbsp;<\/p>\n","protected":false},"excerpt":{"rendered":"<p style=\"text-align: justify;\"><img loading=\"lazy\" decoding=\"async\" class=\" size-full wp-image-10861\" style=\"margin: 0px 3px;\" src=\"https:\/\/archivioturi.lavocedelpaese.info\/wp-content\/uploads\/2013\/03\/palio12.JPG\" alt=\"palio12\" width=\"320\" height=\"150\" srcset=\"https:\/\/archivioturi.lavocedelpaese.info\/wp-content\/uploads\/2013\/03\/palio12.JPG 640w, https:\/\/archivioturi.lavocedelpaese.info\/wp-content\/uploads\/2013\/03\/palio12-300x141.jpg 300w\" sizes=\"auto, (max-width: 320px) 100vw, 320px\" \/><\/p>\n","protected":false},"author":1,"featured_media":10861,"comment_status":"open","ping_status":"closed","sticky":false,"template":"","format":"standard","meta":{"colormag_page_container_layout":"default_layout","colormag_page_sidebar_layout":"default_layout","footnotes":""},"categories":[7],"tags":[],"class_list":["post-10864","post","type-post","status-publish","format-standard","has-post-thumbnail","hentry","category-attualita"],"_links":{"self":[{"href":"https:\/\/archivioturi.lavocedelpaese.info\/index.php\/wp-json\/wp\/v2\/posts\/10864","targetHints":{"allow":["GET"]}}],"collection":[{"href":"https:\/\/archivioturi.lavocedelpaese.info\/index.php\/wp-json\/wp\/v2\/posts"}],"about":[{"href":"https:\/\/archivioturi.lavocedelpaese.info\/index.php\/wp-json\/wp\/v2\/types\/post"}],"author":[{"embeddable":true,"href":"https:\/\/archivioturi.lavocedelpaese.info\/index.php\/wp-json\/wp\/v2\/users\/1"}],"replies":[{"embeddable":true,"href":"https:\/\/archivioturi.lavocedelpaese.info\/index.php\/wp-json\/wp\/v2\/comments?post=10864"}],"version-history":[{"count":0,"href":"https:\/\/archivioturi.lavocedelpaese.info\/index.php\/wp-json\/wp\/v2\/posts\/10864\/revisions"}],"wp:featuredmedia":[{"embeddable":true,"href":"https:\/\/archivioturi.lavocedelpaese.info\/index.php\/wp-json\/wp\/v2\/media\/10861"}],"wp:attachment":[{"href":"https:\/\/archivioturi.lavocedelpaese.info\/index.php\/wp-json\/wp\/v2\/media?parent=10864"}],"wp:term":[{"taxonomy":"category","embeddable":true,"href":"https:\/\/archivioturi.lavocedelpaese.info\/index.php\/wp-json\/wp\/v2\/categories?post=10864"},{"taxonomy":"post_tag","embeddable":true,"href":"https:\/\/archivioturi.lavocedelpaese.info\/index.php\/wp-json\/wp\/v2\/tags?post=10864"}],"curies":[{"name":"wp","href":"https:\/\/api.w.org\/{rel}","templated":true}]}}