{"id":10860,"date":"2013-03-25T16:50:51","date_gmt":"2013-03-25T16:50:51","guid":{"rendered":"https:\/\/archivioturi.lavocedelpaese.info\/index.php\/2013\/03\/25\/tra-i-fuochi-di-buttafuoco\/"},"modified":"2013-03-25T16:50:51","modified_gmt":"2013-03-25T16:50:51","slug":"tra-i-fuochi-di-buttafuoco","status":"publish","type":"post","link":"https:\/\/archivioturi.lavocedelpaese.info\/index.php\/2013\/03\/25\/tra-i-fuochi-di-buttafuoco\/","title":{"rendered":"Tra i \u201cFuochi\u201d di Buttafuoco"},"content":{"rendered":"<p style=\"text-align: justify;\"><img loading=\"lazy\" decoding=\"async\" class=\" size-full wp-image-10859\" src=\"https:\/\/archivioturi.lavocedelpaese.info\/wp-content\/uploads\/2013\/03\/buttafuoco.JPG\" width=\"320\" height=\"150\" alt=\"buttafuoco\" style=\"margin: 0px 3px;\" srcset=\"https:\/\/archivioturi.lavocedelpaese.info\/wp-content\/uploads\/2013\/03\/buttafuoco.JPG 640w, https:\/\/archivioturi.lavocedelpaese.info\/wp-content\/uploads\/2013\/03\/buttafuoco-300x141.jpg 300w\" sizes=\"auto, (max-width: 320px) 100vw, 320px\" \/><\/p>\n<p style=\"text-align: justify;\">Fuochi: tipi, spazi e \u201ctempi moderni\u201d \u00e8 l\u2019ultimo lavoro letterario di Pietrangelo Buttafuoco presentato sabato 16 marzo, nella sala consigliare del Comune di Bari e promosso dalla Fondazione Giuseppe Tatarella.<\/p>\n<p style=\"text-align: justify;\">Numerosi i turesi presenti all\u2019incontro con lo scrittore siciliano, col quale hanno argomentato il senatore Nicola Buccico, il professor Giuseppe Incardona e il giornalista Michele De Feudis.<\/p>\n<p style=\"text-align: justify;\">\u201cFuochi\u201d, edito da Vallecchi, raccoglie le riflessioni dell\u2019autore su luoghi (la Sicilia, il Sud, l\u2019Eurasia), personaggi (politici di destra e di sinistra, ma anche il cantautore Paolo Conte o il musicologo Paolo Isotta), e prospettive geopolitiche dell\u2019Italia. Si tratta di analisi controcorrente che disegnano orizzonti oltre i confini nazionali (rivolti a oriente) e rinfocolano la tensione ideale per la missione della civilt\u00e0 italiana, anche in anni nei quali la sovranit\u00e0 nazionale \u00e8 fortemente limitata dall\u00b4Europa delle burocrazie e dallo strapotere della finanza apolide.<\/p>\n<p style=\"text-align: justify;\">Il suo attacco, se cos\u00ec lo si pu\u00f2 definire, va \u201ca chi ha polverizzato la nostra storia, rendendo la politica solo un reticolo di carriere, senza saper pensare in grande o in prospettiva\u201d. Parla per quasi un\u2019ora e punta il dito verso un Paese, \u201cche non ha saputo salvaguardare la sua identit\u00e0 culturale, pensate alla Germania, che sarebbe senza Goethe, o Leibniz, pensate alla Francia senza Moliere, o all\u2019Inghilterra senza Shakespeare. Impossibile. Poi fermiamoci a pensare l\u2019Italia senza Vico, o senza Pirandello. Ci verrebbe facile, molto facile. Purtroppo. E mi sento male se ripenso alle parole di qualche ministro, che ricordava come la cultura non ce la metti nel panino. Perch\u00e9 no, non \u00e8 cos\u00ec. Con Leibniz in Germania ci fanno anche i soldi, e noi avremmo potuto anche riempire i nostri portafogli. Ma cos\u00ec non \u00e8 andata\u201d. Ma obietta &#8211; \u201cAbbiamo saputo custodirli i nostri fuochi?\u201d.<\/p>\n","protected":false},"excerpt":{"rendered":"<p style=\"text-align: justify;\"><img loading=\"lazy\" decoding=\"async\" class=\" size-full wp-image-10859\" src=\"https:\/\/archivioturi.lavocedelpaese.info\/wp-content\/uploads\/2013\/03\/buttafuoco.JPG\" width=\"320\" height=\"150\" alt=\"buttafuoco\" style=\"margin: 0px 3px;\" srcset=\"https:\/\/archivioturi.lavocedelpaese.info\/wp-content\/uploads\/2013\/03\/buttafuoco.JPG 640w, https:\/\/archivioturi.lavocedelpaese.info\/wp-content\/uploads\/2013\/03\/buttafuoco-300x141.jpg 300w\" sizes=\"auto, (max-width: 320px) 100vw, 320px\" \/><\/p>\n","protected":false},"author":1,"featured_media":10859,"comment_status":"open","ping_status":"closed","sticky":false,"template":"","format":"standard","meta":{"colormag_page_container_layout":"default_layout","colormag_page_sidebar_layout":"default_layout","footnotes":""},"categories":[6],"tags":[],"class_list":["post-10860","post","type-post","status-publish","format-standard","has-post-thumbnail","hentry","category-cultura"],"_links":{"self":[{"href":"https:\/\/archivioturi.lavocedelpaese.info\/index.php\/wp-json\/wp\/v2\/posts\/10860","targetHints":{"allow":["GET"]}}],"collection":[{"href":"https:\/\/archivioturi.lavocedelpaese.info\/index.php\/wp-json\/wp\/v2\/posts"}],"about":[{"href":"https:\/\/archivioturi.lavocedelpaese.info\/index.php\/wp-json\/wp\/v2\/types\/post"}],"author":[{"embeddable":true,"href":"https:\/\/archivioturi.lavocedelpaese.info\/index.php\/wp-json\/wp\/v2\/users\/1"}],"replies":[{"embeddable":true,"href":"https:\/\/archivioturi.lavocedelpaese.info\/index.php\/wp-json\/wp\/v2\/comments?post=10860"}],"version-history":[{"count":0,"href":"https:\/\/archivioturi.lavocedelpaese.info\/index.php\/wp-json\/wp\/v2\/posts\/10860\/revisions"}],"wp:featuredmedia":[{"embeddable":true,"href":"https:\/\/archivioturi.lavocedelpaese.info\/index.php\/wp-json\/wp\/v2\/media\/10859"}],"wp:attachment":[{"href":"https:\/\/archivioturi.lavocedelpaese.info\/index.php\/wp-json\/wp\/v2\/media?parent=10860"}],"wp:term":[{"taxonomy":"category","embeddable":true,"href":"https:\/\/archivioturi.lavocedelpaese.info\/index.php\/wp-json\/wp\/v2\/categories?post=10860"},{"taxonomy":"post_tag","embeddable":true,"href":"https:\/\/archivioturi.lavocedelpaese.info\/index.php\/wp-json\/wp\/v2\/tags?post=10860"}],"curies":[{"name":"wp","href":"https:\/\/api.w.org\/{rel}","templated":true}]}}