{"id":10846,"date":"2013-03-26T14:12:43","date_gmt":"2013-03-26T14:12:43","guid":{"rendered":"https:\/\/archivioturi.lavocedelpaese.info\/index.php\/2013\/03\/26\/i-qgrilliniq-mordono\/"},"modified":"2013-03-26T14:12:43","modified_gmt":"2013-03-26T14:12:43","slug":"i-qgrilliniq-mordono","status":"publish","type":"post","link":"https:\/\/archivioturi.lavocedelpaese.info\/index.php\/2013\/03\/26\/i-qgrilliniq-mordono\/","title":{"rendered":"I &#8220;grillini&#8221; mordono"},"content":{"rendered":"<p style=\"text-align: justify;\"><img loading=\"lazy\" decoding=\"async\" class=\" size-full wp-image-10845\" src=\"https:\/\/archivioturi.lavocedelpaese.info\/wp-content\/uploads\/2013\/03\/m5s-turi.jpg\" width=\"320\" height=\"150\" alt=\"m5s turi\" style=\"margin: 0px 3px;\" srcset=\"https:\/\/archivioturi.lavocedelpaese.info\/wp-content\/uploads\/2013\/03\/m5s-turi.jpg 640w, https:\/\/archivioturi.lavocedelpaese.info\/wp-content\/uploads\/2013\/03\/m5s-turi-300x141.jpg 300w\" sizes=\"auto, (max-width: 320px) 100vw, 320px\" \/><\/p>\n<p style=\"text-align: justify;\"><strong>Turi<\/strong> &#8211; Il fenomeno &#8220;Grillo&#8221; ha investito anche Turi. Una congiuntura perfettamente in linea con il resto d&#8217;Italia. Meno conosciuti, invece sono gli esponenti locali, che si auto-proclamano portavoce dei cittadini. Francesco Guerra l&#8217;abbiamo conosciuto nell&#8217;intervista esclusiva pubblicata alcune settimane fa su &#8220;La Voce del Paese &#8211; TuriWeb&#8221;. Forse i turesi non lo sanno ancora, ma Guerra \u00e8 il loro portavoce per il locale MoVimento 5 Stelle. Guai chiamarli segretari di partito, consiglieri, onorevoli o senatori. La vulgata popolare li definisce &#8220;grillini&#8221;, loro si offendono e preferiscono la nomenclatura di &#8220;cittadini portavoce&#8221;. Domenica mattina, 17 marzo, i militanti del MoVimento 5 Stelle di Turi, dopo aver subito le &#8220;pasquinate&#8221; di Biagio Elefante, con tanto di lettere ai giornali, sono usciti finalmente allo scoperto: &#8220;Nessuno \u00e8 responsabile del M5S. Il MoVimento, in quanto tale, si riconosce nella comunit\u00e0. Ognuno vale uno. Fondamentale \u00e8 lo scambio di opinioni e il confronto democratico. Aggiungo: essere attivista (e il termine dice tutto) significa partecipare concretamente, essere propositivi, ascoltare i problemi della gente. In parole povere: ATTIVARSI. Facendo sempre riferimento al gruppo&#8221;. A distanza di qualche settimana il MoVimento 5 Stelle di Turi prova a radicarsi nel territorio. &#8220;I consensi crescono &#8211; confida Guerra, ai nostri microfoni &#8211; c&#8217;\u00e8 voglia di cambiamento. La gente sembra volerlo a livello territoriale. Siamo scesi in piazza chiedendo di compilare seduta stante un questionario su cosa il cittadino ritiene prioritario fare per migliorare il paese. Su vari punti: viabilit\u00e0, sicurezza, impianti sportivi, servizi alla persona, ecc. L&#8217;obiettivo \u00e8 quello di sentire e vedere in faccia la gente &#8220;direttamente&#8221;! Partire da cosa il cittadino chiede&#8230; La gente inizia a discernere del perch\u00e9 in questo contesto siamo presenti. Capiscono che devono partecipare attivamente&#8221;. I &#8220;grillini&#8221; turesi ci credono e cominciano ad acuminare le armi in attesa di prossime tornate elettorali.<\/p>\n<p style=\"text-align: justify;\">Il profilo di Francesco Guerra parla chiaro. Cita un vecchio adagio indiano: &#8220;Prima di giudicare un uomo, cammina per tre lune nelle sue scarpe&#8221;.<\/p>\n<p style=\"text-align: justify;\">Guerra promette rivoluzioni, ci\u00f2 che &#8220;in campo politico viene cos\u00ec chiamato il brusco passaggio da una forma a una forma a un&#8217;altra di malgoverno&#8221;. Riusciranno nell&#8217;impresa i nostri supereroi? Riusciranno a conquistare i palazzi che contano, proprio com&#8217;\u00e8 accaduto ai &#8220;compagni&#8221; grillini di Polignano, reduci dal successo alle scorse elezioni comunali polignanesi e ora onorevoli a Monte-Citorio? Pardon, onorevoli cittadini&#8230;<\/p>\n","protected":false},"excerpt":{"rendered":"<p style=\"text-align: justify;\"><img loading=\"lazy\" decoding=\"async\" class=\" size-full wp-image-10845\" src=\"https:\/\/archivioturi.lavocedelpaese.info\/wp-content\/uploads\/2013\/03\/m5s-turi.jpg\" width=\"320\" height=\"150\" alt=\"m5s turi\" style=\"margin: 0px 3px;\" srcset=\"https:\/\/archivioturi.lavocedelpaese.info\/wp-content\/uploads\/2013\/03\/m5s-turi.jpg 640w, https:\/\/archivioturi.lavocedelpaese.info\/wp-content\/uploads\/2013\/03\/m5s-turi-300x141.jpg 300w\" sizes=\"auto, (max-width: 320px) 100vw, 320px\" \/><\/p>\n","protected":false},"author":1,"featured_media":10845,"comment_status":"open","ping_status":"closed","sticky":false,"template":"","format":"standard","meta":{"colormag_page_container_layout":"default_layout","colormag_page_sidebar_layout":"default_layout","footnotes":""},"categories":[4],"tags":[],"class_list":["post-10846","post","type-post","status-publish","format-standard","has-post-thumbnail","hentry","category-politica"],"_links":{"self":[{"href":"https:\/\/archivioturi.lavocedelpaese.info\/index.php\/wp-json\/wp\/v2\/posts\/10846","targetHints":{"allow":["GET"]}}],"collection":[{"href":"https:\/\/archivioturi.lavocedelpaese.info\/index.php\/wp-json\/wp\/v2\/posts"}],"about":[{"href":"https:\/\/archivioturi.lavocedelpaese.info\/index.php\/wp-json\/wp\/v2\/types\/post"}],"author":[{"embeddable":true,"href":"https:\/\/archivioturi.lavocedelpaese.info\/index.php\/wp-json\/wp\/v2\/users\/1"}],"replies":[{"embeddable":true,"href":"https:\/\/archivioturi.lavocedelpaese.info\/index.php\/wp-json\/wp\/v2\/comments?post=10846"}],"version-history":[{"count":0,"href":"https:\/\/archivioturi.lavocedelpaese.info\/index.php\/wp-json\/wp\/v2\/posts\/10846\/revisions"}],"wp:featuredmedia":[{"embeddable":true,"href":"https:\/\/archivioturi.lavocedelpaese.info\/index.php\/wp-json\/wp\/v2\/media\/10845"}],"wp:attachment":[{"href":"https:\/\/archivioturi.lavocedelpaese.info\/index.php\/wp-json\/wp\/v2\/media?parent=10846"}],"wp:term":[{"taxonomy":"category","embeddable":true,"href":"https:\/\/archivioturi.lavocedelpaese.info\/index.php\/wp-json\/wp\/v2\/categories?post=10846"},{"taxonomy":"post_tag","embeddable":true,"href":"https:\/\/archivioturi.lavocedelpaese.info\/index.php\/wp-json\/wp\/v2\/tags?post=10846"}],"curies":[{"name":"wp","href":"https:\/\/api.w.org\/{rel}","templated":true}]}}