{"id":10832,"date":"2013-03-19T10:15:23","date_gmt":"2013-03-19T10:15:23","guid":{"rendered":"https:\/\/archivioturi.lavocedelpaese.info\/index.php\/2013\/03\/19\/la-riconciliazione-con-dio-mediante-il-pentimento\/"},"modified":"2013-03-19T10:15:23","modified_gmt":"2013-03-19T10:15:23","slug":"la-riconciliazione-con-dio-mediante-il-pentimento","status":"publish","type":"post","link":"https:\/\/archivioturi.lavocedelpaese.info\/index.php\/2013\/03\/19\/la-riconciliazione-con-dio-mediante-il-pentimento\/","title":{"rendered":"La riconciliazione con Dio mediante il pentimento"},"content":{"rendered":"<p style=\"text-align: justify;\"><img loading=\"lazy\" decoding=\"async\" class=\" size-full wp-image-10831\" src=\"https:\/\/archivioturi.lavocedelpaese.info\/wp-content\/uploads\/2013\/03\/incontro-chiesa.JPG\" width=\"320\" height=\"150\" alt=\"incontro chiesa\" style=\"margin: 0px 3px;\" srcset=\"https:\/\/archivioturi.lavocedelpaese.info\/wp-content\/uploads\/2013\/03\/incontro-chiesa.JPG 640w, https:\/\/archivioturi.lavocedelpaese.info\/wp-content\/uploads\/2013\/03\/incontro-chiesa-300x141.jpg 300w\" sizes=\"auto, (max-width: 320px) 100vw, 320px\" \/><\/p>\n<p style=\"text-align: justify;\"><em>\u201cLa felicit\u00e0 che cercate ha un nome, ed \u00e8 Ges\u00f9<\/em>\u201d. Con questa frase di Giovanni Paolo II ha avuto inizio l\u2019ultimo appuntamento fissato dai ragazzi della diocesi per gli esercizi spirituali.<\/p>\n<p style=\"text-align: justify;\">L\u2019incontrodivenerd\u00ec sera, in Chiesa Madre, \u00e8 stato incentrato sulla liturgia penitenziale. \u00c8 stato un intenso momento di preghierache hacondotto i partecipanti sul sentiero della riflessione e del pentimento.<\/p>\n<p style=\"text-align: justify;\">I ragazzi hanno letto <em>la Prima Lettera di Giovanni<\/em>, passo nel quale sono messi in dialogo l\u2019amore sconfinato di Dio e l\u2019impegno del credente a rispondere a tale amore. Questa Liturgia Penitenziale Quaresimale ha voluto condurre alla riscoperta del sacramento della Riconciliazione mediante l\u2019invocazione del perdono.All\u2019incontro erano presenti Don Giovanni Amodio, Don Nicola D\u2019Onghia e Don Stefano Mazzarisi.<\/p>\n<p style=\"text-align: justify;\">Al termine di questa esperienza, Sandra, una ragazza che ha partecipato agli incontri ha riferito -\u201cSono stati momenti di fede molto forti, a cui hanno preso parte molti giovani appartenenti alle tre parrocchie.&nbsp; Io mi sono emozionata tanto nel vedere i diversi video, poich\u00e9 mi hanno aiutato a riflettere sul senso della vita cristiana, ma mi ha colpito particolarmente quello su Giovanni Paolo II, in quanto i suoi insegnamenti sono improntati sulla carit\u00e0.Mi auguro che i giovani presenti mettano davvero in pratica quanto ascoltato durante questi tre appuntamenti adeguando la propria condotta alle tre virt\u00f9 del cristiano: fede, speranza e carit\u00e0\u201d.<\/p>\n<p style=\"text-align: justify;\">\u201cAvendo fatto parte del gruppo che ha organizzato tali incontri, il coinvolgimento per me \u00e8 stato maggiore; la gioia pi\u00f9 bella \u00e8 quella che deriva dalla condivisione. Il 23 Marzo a Conversano si terr\u00e0 un successivo incontro con tutti i ragazzi della pastorale giovanile, sar\u00e0 sicuramente un altro momento di riflessione che rafforzer\u00e0 la mia fede\u201d- afferma Laura, una ragazza della pastorale giovanile.<\/p>\n<p style=\"text-align: justify;\">L\u2019incontro si \u00e8 concluso con la visione di un video su Papa Giovanni PaoloII e su Papa Benedetto XVI, a cui hanno fatto seguito i ringraziamenti di Don Giovanni Amodio a tutti i partecipanti al progetto.&nbsp;<\/p>\n","protected":false},"excerpt":{"rendered":"<p style=\"text-align: justify;\"><img loading=\"lazy\" decoding=\"async\" class=\" size-full wp-image-10831\" src=\"https:\/\/archivioturi.lavocedelpaese.info\/wp-content\/uploads\/2013\/03\/incontro-chiesa.JPG\" width=\"320\" height=\"150\" alt=\"incontro chiesa\" style=\"margin: 0px 3px;\" srcset=\"https:\/\/archivioturi.lavocedelpaese.info\/wp-content\/uploads\/2013\/03\/incontro-chiesa.JPG 640w, https:\/\/archivioturi.lavocedelpaese.info\/wp-content\/uploads\/2013\/03\/incontro-chiesa-300x141.jpg 300w\" sizes=\"auto, (max-width: 320px) 100vw, 320px\" \/><\/p>\n","protected":false},"author":1,"featured_media":10831,"comment_status":"open","ping_status":"closed","sticky":false,"template":"","format":"standard","meta":{"colormag_page_container_layout":"default_layout","colormag_page_sidebar_layout":"default_layout","footnotes":""},"categories":[6],"tags":[],"class_list":["post-10832","post","type-post","status-publish","format-standard","has-post-thumbnail","hentry","category-cultura"],"_links":{"self":[{"href":"https:\/\/archivioturi.lavocedelpaese.info\/index.php\/wp-json\/wp\/v2\/posts\/10832","targetHints":{"allow":["GET"]}}],"collection":[{"href":"https:\/\/archivioturi.lavocedelpaese.info\/index.php\/wp-json\/wp\/v2\/posts"}],"about":[{"href":"https:\/\/archivioturi.lavocedelpaese.info\/index.php\/wp-json\/wp\/v2\/types\/post"}],"author":[{"embeddable":true,"href":"https:\/\/archivioturi.lavocedelpaese.info\/index.php\/wp-json\/wp\/v2\/users\/1"}],"replies":[{"embeddable":true,"href":"https:\/\/archivioturi.lavocedelpaese.info\/index.php\/wp-json\/wp\/v2\/comments?post=10832"}],"version-history":[{"count":0,"href":"https:\/\/archivioturi.lavocedelpaese.info\/index.php\/wp-json\/wp\/v2\/posts\/10832\/revisions"}],"wp:featuredmedia":[{"embeddable":true,"href":"https:\/\/archivioturi.lavocedelpaese.info\/index.php\/wp-json\/wp\/v2\/media\/10831"}],"wp:attachment":[{"href":"https:\/\/archivioturi.lavocedelpaese.info\/index.php\/wp-json\/wp\/v2\/media?parent=10832"}],"wp:term":[{"taxonomy":"category","embeddable":true,"href":"https:\/\/archivioturi.lavocedelpaese.info\/index.php\/wp-json\/wp\/v2\/categories?post=10832"},{"taxonomy":"post_tag","embeddable":true,"href":"https:\/\/archivioturi.lavocedelpaese.info\/index.php\/wp-json\/wp\/v2\/tags?post=10832"}],"curies":[{"name":"wp","href":"https:\/\/api.w.org\/{rel}","templated":true}]}}