{"id":10830,"date":"2013-03-19T08:12:10","date_gmt":"2013-03-19T08:12:10","guid":{"rendered":"https:\/\/archivioturi.lavocedelpaese.info\/index.php\/2013\/03\/19\/buoni-servizio-di-conciliazione-per-minori-a-qil-bosco-dei-cento-acriq\/"},"modified":"2013-03-19T08:12:10","modified_gmt":"2013-03-19T08:12:10","slug":"buoni-servizio-di-conciliazione-per-minori-a-qil-bosco-dei-cento-acriq","status":"publish","type":"post","link":"https:\/\/archivioturi.lavocedelpaese.info\/index.php\/2013\/03\/19\/buoni-servizio-di-conciliazione-per-minori-a-qil-bosco-dei-cento-acriq\/","title":{"rendered":"\u201cBuoni servizio di conciliazione per Minori\u201d a  &#8220;Il Bosco dei Cento Acri&#8221;"},"content":{"rendered":"<p style=\"text-align: justify;\"><img loading=\"lazy\" decoding=\"async\" class=\" size-full wp-image-10829\" src=\"https:\/\/archivioturi.lavocedelpaese.info\/wp-content\/uploads\/2013\/03\/bosco100acri.jpg\" width=\"320\" height=\"150\" alt=\"bosco100acri\" style=\"margin: 0px 3px;\" srcset=\"https:\/\/archivioturi.lavocedelpaese.info\/wp-content\/uploads\/2013\/03\/bosco100acri.jpg 640w, https:\/\/archivioturi.lavocedelpaese.info\/wp-content\/uploads\/2013\/03\/bosco100acri-300x141.jpg 300w\" sizes=\"auto, (max-width: 320px) 100vw, 320px\" \/><\/p>\n<p style=\"text-align: justify;\"> \u201cFinalmente mercoled\u00ec scorso (13.03.13) la mia ludoteca\/nido ha ottenuto il riconoscimento di accreditamento da parte della Regione Puglia dei \u201cBuoni servizio di conciliazione per Minori\u201d \u2013 commenta Terry De Tommaso, titolare de Il Bosco dei Cento Acri \u2013<br \/> Grazie a tale riconoscimento, la retta di ogni bambino che frequenter\u00e0 il nido sar\u00e0 sostenuta (in base al reddito) anche dalla regione Puglia.<br \/> E\u2019 inutile dire che tale iniziativa avr\u00e0 delle ripercussioni positive per quelle famiglie che frequentano la mia struttura, a tal proposito voglio precisare che questa opportunit\u00e0 \u00e8 estesa anche a chi non \u00e8 ancora iscritto.<br \/> Quest\u2019 occasione \u2013 aggiunge De Tommaso \u2013 rappresenta un importante aiuto economico per tutti i genitori, e sopratutto un\u2019opportunit\u00e0 di crescita, di socializzazione, di apprendimento e di gioco di tutti i bambini dai 3 mesi ai 10 anni.<br \/> Colgo l\u2019occasione per ringraziare tutti quei genitori che quotidianamente affidandomi i propri figli, esprimono la loro fiducia nel lavoro che io e le mie collaboratrici svolgiamo da anni con passione e devozione.<br \/> Infine, desidero profondamente ringraziare l\u2019Assessore alle Politiche sociali Mariangela Volpicella per la collaborazione e la sensibilit\u00e0 che ha avuto nei miei confronti, perch\u00e9 mi ha suggerito e aiutato nel conoscere e ottenere questo riconoscimento.&nbsp;<br \/> Per avere notizie su questo nuovo servizio potete recarvi presso la ludoteca\/asilo nido &#8221; Il Bosco dei Cento Acri&#8221; in via Indro Montanelli, contattarmi al n\u00b0 080.8916132 o visitare il sito&nbsp;<a target=\"_blank\" rel=\"noopener\">www.ilboscodei100acri.com&#8221;.<\/a><\/p>\n","protected":false},"excerpt":{"rendered":"<p style=\"text-align: justify;\"><img loading=\"lazy\" decoding=\"async\" class=\" size-full wp-image-10829\" src=\"https:\/\/archivioturi.lavocedelpaese.info\/wp-content\/uploads\/2013\/03\/bosco100acri.jpg\" width=\"320\" height=\"150\" alt=\"bosco100acri\" style=\"margin: 0px 3px;\" srcset=\"https:\/\/archivioturi.lavocedelpaese.info\/wp-content\/uploads\/2013\/03\/bosco100acri.jpg 640w, https:\/\/archivioturi.lavocedelpaese.info\/wp-content\/uploads\/2013\/03\/bosco100acri-300x141.jpg 300w\" sizes=\"auto, (max-width: 320px) 100vw, 320px\" \/><\/p>\n","protected":false},"author":1,"featured_media":10829,"comment_status":"open","ping_status":"closed","sticky":false,"template":"","format":"standard","meta":{"colormag_page_container_layout":"default_layout","colormag_page_sidebar_layout":"default_layout","footnotes":""},"categories":[7],"tags":[],"class_list":["post-10830","post","type-post","status-publish","format-standard","has-post-thumbnail","hentry","category-attualita"],"_links":{"self":[{"href":"https:\/\/archivioturi.lavocedelpaese.info\/index.php\/wp-json\/wp\/v2\/posts\/10830","targetHints":{"allow":["GET"]}}],"collection":[{"href":"https:\/\/archivioturi.lavocedelpaese.info\/index.php\/wp-json\/wp\/v2\/posts"}],"about":[{"href":"https:\/\/archivioturi.lavocedelpaese.info\/index.php\/wp-json\/wp\/v2\/types\/post"}],"author":[{"embeddable":true,"href":"https:\/\/archivioturi.lavocedelpaese.info\/index.php\/wp-json\/wp\/v2\/users\/1"}],"replies":[{"embeddable":true,"href":"https:\/\/archivioturi.lavocedelpaese.info\/index.php\/wp-json\/wp\/v2\/comments?post=10830"}],"version-history":[{"count":0,"href":"https:\/\/archivioturi.lavocedelpaese.info\/index.php\/wp-json\/wp\/v2\/posts\/10830\/revisions"}],"wp:featuredmedia":[{"embeddable":true,"href":"https:\/\/archivioturi.lavocedelpaese.info\/index.php\/wp-json\/wp\/v2\/media\/10829"}],"wp:attachment":[{"href":"https:\/\/archivioturi.lavocedelpaese.info\/index.php\/wp-json\/wp\/v2\/media?parent=10830"}],"wp:term":[{"taxonomy":"category","embeddable":true,"href":"https:\/\/archivioturi.lavocedelpaese.info\/index.php\/wp-json\/wp\/v2\/categories?post=10830"},{"taxonomy":"post_tag","embeddable":true,"href":"https:\/\/archivioturi.lavocedelpaese.info\/index.php\/wp-json\/wp\/v2\/tags?post=10830"}],"curies":[{"name":"wp","href":"https:\/\/api.w.org\/{rel}","templated":true}]}}