{"id":10816,"date":"2013-03-20T04:21:44","date_gmt":"2013-03-20T04:21:44","guid":{"rendered":"https:\/\/archivioturi.lavocedelpaese.info\/index.php\/2013\/03\/20\/patrimonio-comunale-sotto-controllo\/"},"modified":"2013-03-20T04:21:44","modified_gmt":"2013-03-20T04:21:44","slug":"patrimonio-comunale-sotto-controllo","status":"publish","type":"post","link":"https:\/\/archivioturi.lavocedelpaese.info\/index.php\/2013\/03\/20\/patrimonio-comunale-sotto-controllo\/","title":{"rendered":"Patrimonio comunale sotto controllo"},"content":{"rendered":"<p style=\"text-align: justify;\"><img loading=\"lazy\" decoding=\"async\" class=\" size-full wp-image-8323\" src=\"https:\/\/archivioturi.lavocedelpaese.info\/wp-content\/uploads\/2012\/02\/onofrio-r.PNG\" width=\"320\" height=\"150\" alt=\"onofrio r\" style=\"margin: 0px 3px;\" \/><\/p>\n<p class=\"default\" style=\"text-align: justify;\"><strong>TURI<\/strong> &#8211; &#8220;<em>Il Comune di Turi \u00e8 stato visitato due volte dalla Guardia di Finanza. Mi limiter\u00f2 a comunicare solo i fatti di cui ritengo importante la popolazione sia a conoscenza<\/em>&#8220;. Cos\u00ec il Sindaco <strong>Onofrio Resta<\/strong> ha aperto la seduta consiliare dello scorso 12 marzo e, per evitare distorsioni mediatiche o interpretazioni faziose, ha voluto ricostruire l&#8217;accaduto.<\/p>\n<p class=\"default\" style=\"text-align: justify;\">Il primo accertamento si \u00e8 indirizzato sulle procedure di assegnazione alle varie associazioni dei locali facenti parte del patrimonio comunale. &#8220;<em>Esiste un regolamento approvato in Consiglio Comunale quattro anni fa<\/em> ? ha chiarito il primo cittadino ? <em>che disciplina il metodo di attribuzione dei nostri locali. Questo regolamento, finora, non \u00e8 stato rispettato, ragion per cui la Guardia di Finanza ci ha chiesto tutta la documentazione in merito agli attuali rapporti con le associazioni che usufruiscono di una sede comunale<\/em>&#8220;.<\/p>\n<p class=\"default\" style=\"text-align: justify;\">&#8220;<em>Ci siamo dati una linea&#8221; <\/em>ha rilanciato Resta a sottolineare il cambio di rotta rispetto alle consuetudini passate. In particolare, \u00e8 stata inviata una lettera interlocutoria a tutte le quarantasette associazioni turesi, preannunciando una regolamentazione, in tempi brevi, dei rapporti con l&#8217;Ente &#8220;<em>secondo criteri e parametri certi, per favorire un&#8217;equa e corretta attribuzione delle sedi<\/em>&#8220;.<\/p>\n<p class=\"default\" style=\"text-align: justify;\">Il secondo accertamento delle Fiamme Gialle, invece, si \u00e8 concentrato sugli affittuari delle case comunali rivelando che, dal 2007, i dieci dodicesimi di questi inquilini non hanno corrisposto il canone di locazione e il relativo aggiornamento ISTAT.<\/p>\n<p class=\"default\" style=\"text-align: justify;\">&#8220;<em>Con o senza le sollecitazioni giudiziarie<\/em> ? ha puntualizzato il Sindaco ? <em>questa amministrazione aveva gi\u00e0 istituito un tavolo tecnico, aperto anche all&#8217;opposizione, realizzando un progetto-percorso che, per\u00f2, aveva ed ha bisogno di tempo, giacch\u00e9 le problematiche sono tante e ci si interfaccia con un mondo in cui la dovuta visione solidaristica, purtroppo, configge con i doveri della buona amministrazione<\/em>&#8220;.<\/p>\n<p class=\"default\" style=\"text-align: justify;\">Ad ogni modo, si \u00e8 proceduto ad inviare un terzo avviso agli inquilini, spiegando che i tempi per corrispondere il dovuto sono stretti.<\/p>\n<p class=\"default\" style=\"text-align: justify;\">&#8220;<em>Stiano tranquilli<\/em> ? ha concluso il Sindaco ? <em>sia gli affittuari sia quanti premono affinch\u00e9 si rispettino le regole, si paghi l&#8217;affitto e si verifichi la stabilit\u00e0 degli appartamenti&#8230; La commissione stava lavorando in questa direzione e continuer\u00e0 a farlo<\/em>&#8220;<em>.<\/em><\/p>\n<p class=\"default\" style=\"text-align: justify;\">A margine, Resta non ha lesinato una lettura politica, con i doverosi condizionali, di questi accertamenti: &#8220;<em>Non sono convinto che questa visita sia stata indirizzata dalla Corte dei Conti. Ho il sospetto che Turi sia stata scelta per altre ragioni, probabilmente per volont\u00e0 di chi vuole fare politica attraverso le vie giudiziarie<\/em>&#8220;.<\/p>\n","protected":false},"excerpt":{"rendered":"<p style=\"text-align: justify;\"><img loading=\"lazy\" decoding=\"async\" class=\" size-full wp-image-8323\" src=\"https:\/\/archivioturi.lavocedelpaese.info\/wp-content\/uploads\/2012\/02\/onofrio-r.PNG\" width=\"320\" height=\"150\" alt=\"onofrio r\" style=\"margin: 0px 3px;\" \/><\/p>\n","protected":false},"author":1,"featured_media":8323,"comment_status":"open","ping_status":"closed","sticky":false,"template":"","format":"standard","meta":{"colormag_page_container_layout":"default_layout","colormag_page_sidebar_layout":"default_layout","footnotes":""},"categories":[4],"tags":[],"class_list":["post-10816","post","type-post","status-publish","format-standard","has-post-thumbnail","hentry","category-politica"],"_links":{"self":[{"href":"https:\/\/archivioturi.lavocedelpaese.info\/index.php\/wp-json\/wp\/v2\/posts\/10816","targetHints":{"allow":["GET"]}}],"collection":[{"href":"https:\/\/archivioturi.lavocedelpaese.info\/index.php\/wp-json\/wp\/v2\/posts"}],"about":[{"href":"https:\/\/archivioturi.lavocedelpaese.info\/index.php\/wp-json\/wp\/v2\/types\/post"}],"author":[{"embeddable":true,"href":"https:\/\/archivioturi.lavocedelpaese.info\/index.php\/wp-json\/wp\/v2\/users\/1"}],"replies":[{"embeddable":true,"href":"https:\/\/archivioturi.lavocedelpaese.info\/index.php\/wp-json\/wp\/v2\/comments?post=10816"}],"version-history":[{"count":0,"href":"https:\/\/archivioturi.lavocedelpaese.info\/index.php\/wp-json\/wp\/v2\/posts\/10816\/revisions"}],"wp:featuredmedia":[{"embeddable":true,"href":"https:\/\/archivioturi.lavocedelpaese.info\/index.php\/wp-json\/wp\/v2\/media\/8323"}],"wp:attachment":[{"href":"https:\/\/archivioturi.lavocedelpaese.info\/index.php\/wp-json\/wp\/v2\/media?parent=10816"}],"wp:term":[{"taxonomy":"category","embeddable":true,"href":"https:\/\/archivioturi.lavocedelpaese.info\/index.php\/wp-json\/wp\/v2\/categories?post=10816"},{"taxonomy":"post_tag","embeddable":true,"href":"https:\/\/archivioturi.lavocedelpaese.info\/index.php\/wp-json\/wp\/v2\/tags?post=10816"}],"curies":[{"name":"wp","href":"https:\/\/api.w.org\/{rel}","templated":true}]}}